{"id":119290,"date":"2021-06-23T09:51:25","date_gmt":"2021-06-23T13:51:25","guid":{"rendered":"https:\/\/linitiative.ca\/International\/amina-zerouali-se-declare-haut-la-main-meilleure-bacheliere-du-maroc\/"},"modified":"2021-06-23T09:51:25","modified_gmt":"2021-06-23T13:51:25","slug":"amina-zerouali-se-declare-haut-la-main-meilleure-bacheliere-du-maroc","status":"publish","type":"post","link":"https:\/\/linitiative.ca\/International\/amina-zerouali-se-declare-haut-la-main-meilleure-bacheliere-du-maroc\/","title":{"rendered":"Amina Zerouali se d\u00e9clare haut la main, meilleure bacheli\u00e8re du Maroc"},"content":{"rendered":"<div>\n<div style=\"margin-bottom:20px;\"><img loading=\"lazy\" decoding=\"async\" width=\"750\" height=\"430\" src=\"https:\/\/linitiative.ca\/International\/wp-content\/uploads\/sites\/23\/2021\/06\/amina-zerouali-copier.jpg\" class=\"attachment-post-thumbnail size-post-thumbnail wp-post-image\" alt=\"\" srcset=\"https:\/\/linitiative.ca\/International\/wp-content\/uploads\/sites\/23\/2021\/06\/amina-zerouali-copier.jpg 750w, http:\/\/www.mapmarrakech.ma\/map\/uploads\/2021\/06\/amina-zerouali-copier-300x172.jpg 300w\" sizes=\"auto, (max-width: 750px) 100vw, 750px\"><\/div>\n<p>Par : Omar ER-ROUCH<\/p>\n<p>Marrakech \u2013 El\u00e8ve des plus brillants au sein de l\u2019\u00e9tablissement priv\u00e9 \u00ab\u00a0Al Awail\u00a0\u00bb \u00e0 Marrakech, Amina Zerouali vient de r\u00e9aliser un grand exploit, en d\u00e9crochant, haut la main, l\u2019incroyable moyenne de 19,53 sur 20, meilleure note \u00e0 l\u2019\u00e9chelle nationale dans les examens du Baccalaur\u00e9at 2021.<\/p>\n<p>Dans une ambiance conviviale et bon enfant, et sous les youyous et acclamations de ses parents, proches, amis et cadres p\u00e9dagogiques de son lyc\u00e9e, Amina Zerouali a \u00e9t\u00e9 accueillie, lundi, \u00e0 la mani\u00e8re des grandes stars, v\u00eatue d\u2019un caftan traditionnel et port\u00e9 sur \u00ab\u00a0La Amariya\u00a0\u00bb, le temps de c\u00e9l\u00e9brer un exploit in\u00e9dit.<\/p>\n<p>Il s\u2019agit, en fait, d\u2019un incandescent hommage \u00e0 une brillante jeune fille qui, avec tant de sacrifice, de d\u00e9termination et de pers\u00e9v\u00e9rance, a pu obtenir son Baccalaur\u00e9at au titre de la session de juin, dans la branche des Sciences Physiques, section fran\u00e7aise. Un succ\u00e8s fulgurant et bien m\u00e9rit\u00e9.<\/p>\n<p>Avec un regard per\u00e7ant derri\u00e8re ses lunettes m\u00e9dicales, Amina a l\u2019allure d\u2019un g\u00e9nie. Son parcours le confirme. Durant ses \u00e9tudes primaires et secondaires, elle \u00e9tait \u00ab\u00a0brillante\u00a0\u00bb dans les math\u00e9matiques et tout ce qui a trait \u00e0 la physique et \u00e0 la chimie, sans omettre son amour inconditionnel et sa passion pour les langues, notamment celle de Moli\u00e8re.<\/p>\n<p>Approch\u00e9e par \u00ab\u00a0M24\u00a0\u00bb, la cha\u00eene d\u2019information en continu de l\u2019Agence Marocaine de Presse (MAP), la jeune fille a exprim\u00e9 sa grande joie d\u2019avoir r\u00e9alis\u00e9 cette prouesse. \u00ab\u00a0Je suis tr\u00e8s heureuse d\u2019obtenir la meilleure note du baccalaur\u00e9at au niveau national. C\u2019est un grand honneur et une grande responsabilit\u00e9\u00a0\u00bb, a-t-elle dit.<\/p>\n<p>\u00ab\u00a0Je m\u2019attendais \u00e0 une bonne note, surtout que j\u2019\u00e9tais habitu\u00e9e \u00e0 obtenir de tr\u00e8s bonnes moyennes au cours de mon parcours scolaire, mais j\u2019\u00e9tais tr\u00e8s surprise d\u2019obtenir la premi\u00e8re note au niveau national\u00a0\u00bb, s\u2019est f\u00e9licit\u00e9e Amina, qui souhaite poursuivre ses \u00e9tudes en m\u00e9decine ou en architecture, rappelant avec tant de modestie et de simplicit\u00e9, qu\u2019elle n\u2019a obtenu \u00ab\u00a0que\u00a0\u00bb 18.60 \u00e0 la premi\u00e8re ann\u00e9e du baccalaur\u00e9at.<\/p>\n<p>Une r\u00e9ussite collective qu\u2019elle doit \u00e9galement \u00e0 son entourage, ses parents, ses amis et \u00e0 ses professeurs : \u00ab\u00a0Mes parents, mes amis et mes enseignants m\u2019ont accompagn\u00e9 tout au long de mon parcours et je pense que \u00e7a a \u00e9t\u00e9 un facteur d\u00e9terminant. Cette r\u00e9ussite est aussi la leur\u00a0\u00bb, a-t-elle affirm\u00e9 sur un ton de fiert\u00e9.<\/p>\n<p>Ses professeurs ne tarissent pas d\u2019\u00e9loges sur leur \u00e9l\u00e8ve. Ils dressent le portrait d\u2019une lyc\u00e9enne tr\u00e8s attentive, curieuse, cultiv\u00e9e, studieuse et engag\u00e9e.<\/p>\n<p>\u00ab\u00a0Amina est une \u00e9l\u00e8ve tr\u00e8s attentive et studieuse qui s\u2019applique vraiment \u00e0 ce qu\u2019elle fait. Elle est tr\u00e8s structur\u00e9e, ce qui lui permet d\u2019utiliser pleinement son temps et de faire en deux heures le travail que d\u2019autres font en trois ou quatre heures\u00a0\u00bb, a indiqu\u00e9 Mme Khadija Rhalmi, son professeur de fran\u00e7ais.<\/p>\n<p>\u00ab\u00a0Elle \u00e9tait exceptionnelle durant les deux ann\u00e9es du baccalaur\u00e9at et a fait honneur \u00e0 sa famille, ses enseignants et son \u00e9tablissement\u00a0\u00bb, s\u2019est f\u00e9licit\u00e9e Mme Rhalmi.<\/p>\n<p>Une fiert\u00e9 partag\u00e9e par M. Mustapha Bounou, le directeur par int\u00e9rim de l\u2019\u00e9tablissement priv\u00e9 \u00ab\u00a0Al Awail\u00a0\u00bb. \u00ab\u00a0Amina est une \u00e9l\u00e8ve curieuse et assidue qui a brill\u00e9 depuis ses \u00e9tudes primaires. Elle a fait preuve d\u2019une r\u00e9gularit\u00e9 impressionnante qui lui a valu cette prouesse\u00a0\u00bb, a soulign\u00e9 le cadre p\u00e9dagogique.<\/p>\n<p>M. Bounou a saisi cette occasion pour exprimer ses remerciements \u00e0 tous les cadres p\u00e9dagogiques d\u2019\u00a0\u00bbAl Awail\u00a0\u00bb. \u00ab\u00a0C\u2019est le fruit d\u2019un travail d\u2019\u00e9quipe qui, malgr\u00e9 la pand\u00e9mie du nouveau coronavirus (Covid-19), ils n\u2019ont pas \u00e9t\u00e9 d\u00e9courag\u00e9s et ont poursuivi leurs exceptionnels efforts pour assurer une bonne formation aux \u00e9l\u00e8ves et, in fine, r\u00e9ussir cet exploit\u00a0\u00bb, poursuit-il.<\/p>\n<p>Un exploit qui ne se r\u00e9sume nullement \u00e0 Amina. L\u2019\u00e9tablissement compte huit \u00e9l\u00e8ves parmi les premiers au niveau de la r\u00e9gion Marrakech-Safi, y compris la s\u0153ur d\u2019Amina, Imane Zerouali, qui a obtenu la note de 19.46, la deuxi\u00e8me \u00e0 l\u2019\u00e9chelle r\u00e9gionale et la quatri\u00e8me \u00e0 l\u2019\u00e9chelle nationale.<\/p>\n<p>\u00ab\u00a0Je suis tr\u00e8s fier de l\u2019exploit de mes deux filles, Amina et Imane, et tr\u00e8s content de voir un parcours long et difficile couronn\u00e9 d\u2019une telle r\u00e9ussite\u00a0\u00bb, s\u2019est f\u00e9licit\u00e9 Abdelfattah Zerouali, p\u00e8re des deux jeunes g\u00e9nies.<\/p>\n<p>\u00ab\u00a0Cet exploit est le fruit de leur travail s\u00e9rieux et de l\u2019encadrement remarquable assur\u00e9 par leur m\u00e8re, une enseignante, qui les a accompagn\u00e9es depuis leurs \u00e9tudes primaires\u00a0\u00bb, a relev\u00e9 M. Zerouali comme pour conclure que le g\u00e9nie est \u00ab\u00a0une affaire de famille\u00a0\u00bb.<\/p>\n<p>The post <a rel=\"nofollow\" href=\"http:\/\/www.mapmarrakech.ma\/fr\/amina-zerouali-se-declare-haut-la-main-meilleure-bacheliere-du-maroc\/\">Amina Zerouali se d\u00e9clare haut la main, meilleure bacheli\u00e8re du Maroc<\/a> appeared first on <a rel=\"nofollow\" href=\"http:\/\/www.mapmarrakech.ma\/fr\">MapMarrakech<\/a>.<\/p>\n<\/div>\n<p>Auteur: Meriem IGASS<br \/>\n<a href=\"http:\/\/www.mapmarrakech.ma\/fr\/amina-zerouali-se-declare-haut-la-main-meilleure-bacheliere-du-maroc\/\">Cliquez ici pour lire l&rsquo;article depuis sa source.<\/a><\/p>\n","protected":false},"excerpt":{"rendered":"<p>Par : Omar ER-ROUCH Marrakech \u2013 El\u00e8ve des plus brillants au sein de l\u2019\u00e9tablissement priv\u00e9 \u00ab\u00a0Al Awail\u00a0\u00bb \u00e0 Marrakech, Amina Zerouali vient de r\u00e9aliser un grand exploit, en d\u00e9crochant, haut la main, l\u2019incroyable moyenne de 19,53 sur 20, meilleure note \u00e0 l\u2019\u00e9chelle nationale dans les examens du Baccalaur\u00e9at 2021. Dans une ambiance conviviale et bon [&hellip;]<\/p>\n","protected":false},"author":1788,"featured_media":0,"comment_status":"closed","ping_status":"closed","sticky":false,"template":"","format":"standard","meta":{"fifu_image_url":"http:\/\/www.mapmarrakech.ma\/map\/uploads\/2021\/06\/amina-zerouali-copier.jpg","fifu_image_alt":"Amina Zerouali se d\u00e9clare haut la main, meilleure bacheli\u00e8re du Maroc","footnotes":""},"categories":[54,76],"tags":[],"class_list":["post-119290","post","type-post","status-publish","format-standard","hentry","category-maroc","category-regions"],"_links":{"self":[{"href":"https:\/\/linitiative.ca\/International\/wp-json\/wp\/v2\/posts\/119290","targetHints":{"allow":["GET"]}}],"collection":[{"href":"https:\/\/linitiative.ca\/International\/wp-json\/wp\/v2\/posts"}],"about":[{"href":"https:\/\/linitiative.ca\/International\/wp-json\/wp\/v2\/types\/post"}],"author":[{"embeddable":true,"href":"https:\/\/linitiative.ca\/International\/wp-json\/wp\/v2\/users\/1788"}],"replies":[{"embeddable":true,"href":"https:\/\/linitiative.ca\/International\/wp-json\/wp\/v2\/comments?post=119290"}],"version-history":[{"count":0,"href":"https:\/\/linitiative.ca\/International\/wp-json\/wp\/v2\/posts\/119290\/revisions"}],"wp:attachment":[{"href":"https:\/\/linitiative.ca\/International\/wp-json\/wp\/v2\/media?parent=119290"}],"wp:term":[{"taxonomy":"category","embeddable":true,"href":"https:\/\/linitiative.ca\/International\/wp-json\/wp\/v2\/categories?post=119290"},{"taxonomy":"post_tag","embeddable":true,"href":"https:\/\/linitiative.ca\/International\/wp-json\/wp\/v2\/tags?post=119290"}],"curies":[{"name":"wp","href":"https:\/\/api.w.org\/{rel}","templated":true}]}}