{"id":119292,"date":"2021-06-23T10:10:55","date_gmt":"2021-06-23T14:10:55","guid":{"rendered":"https:\/\/linitiative.ca\/International\/reprise-des-vols-la-lumiere-au-bout-du-tunnel-pour-le-tourisme\/"},"modified":"2021-06-23T10:10:55","modified_gmt":"2021-06-23T14:10:55","slug":"reprise-des-vols-la-lumiere-au-bout-du-tunnel-pour-le-tourisme","status":"publish","type":"post","link":"https:\/\/linitiative.ca\/International\/reprise-des-vols-la-lumiere-au-bout-du-tunnel-pour-le-tourisme\/","title":{"rendered":"Reprise des vols: La lumi\u00e8re au bout du tunnel pour le tourisme"},"content":{"rendered":"<div>\n<div style=\"margin-bottom:20px;\"><img loading=\"lazy\" decoding=\"async\" width=\"750\" height=\"430\" src=\"https:\/\/linitiative.ca\/International\/wp-content\/uploads\/sites\/23\/2021\/06\/jamaaelfna-copier.jpg\" class=\"attachment-post-thumbnail size-post-thumbnail wp-post-image\" alt=\"\" srcset=\"https:\/\/linitiative.ca\/International\/wp-content\/uploads\/sites\/23\/2021\/06\/jamaaelfna-copier.jpg 750w, http:\/\/www.mapmarrakech.ma\/map\/uploads\/2019\/05\/jamaaelfna-copier-300x172.jpg 300w\" sizes=\"auto, (max-width: 750px) 100vw, 750px\"><\/div>\n<p>Outre la reprise de vols internationaux vers et au d\u00e9part du Royaume, la progression de la campagne de vaccination, la mise en place d\u2019un passeport de vaccination et l\u2019all\u00e9gement des mesures pr\u00e9ventives par le gouvernement ont eu pour effet palpable d\u2019insuffler un vent d\u2019optimisme et donn\u00e9 une lueur d\u2019espoir dans les milieux touristiques, toutes cat\u00e9gories confondues.<\/p>\n<p>\u00ab\u00a0Les derni\u00e8res annonces constituent d\u2019excellentes nouvelles pour les professionnels du tourisme et les voyageurs marocains et internationaux. Nous commen\u00e7ons \u00e0 voir la lumi\u00e8re au bout du tunnel apr\u00e8s plus de 18 mois de crise sans pr\u00e9c\u00e9dent\u00a0\u00bb, s\u2019est f\u00e9licit\u00e9 M. Hamid Bentahar, pr\u00e9sident du Conseil R\u00e9gional du Tourisme de Marrakech-Safi, dans un entretien accord\u00e9 \u00e0 la MAP.<\/p>\n<p>Cet \u00e9lan d\u2019optimisme a \u00e9t\u00e9 fortement renforc\u00e9 gr\u00e2ce aux Hautes Instructions de SM le Roi Mohammed VI visant \u00e0 faciliter le retour des Marocains R\u00e9sidant \u00e0 l\u2019Etranger, un geste de solidarit\u00e9 de la part d\u2019un Grand Leader, et une d\u00e9cision sage, clairvoyante et pleine d\u2019humanisme du Souverain, qui ont \u00e9t\u00e9 hautement salu\u00e9s par toutes les composantes de la soci\u00e9t\u00e9 marocaine, et suivis d\u2019un accueil \u00e0 bras ouverts et des plus chaleureux, des Marocains du Monde au niveau de plusieurs a\u00e9roports du Royaume, \u00e0 l\u2019instar de celui de la Cit\u00e9 ocre.<\/p>\n<p>\u00ab\u00a0La Conf\u00e9d\u00e9ration Nationale du Tourisme (CNT) et l\u2019ensemble de ses membres accueille avec fiert\u00e9 et enthousiasme la Tr\u00e8s Haute Sollicitude de Sa Majest\u00e9 le Roi Mohammed VI, que Dieu L\u2019Assiste, envers l\u2019industrie touristique marocaine, et dont les Hautes Orientations Royales constituent un signal fort pour le red\u00e9marrage tant esp\u00e9r\u00e9 du secteur du tourisme au Maroc, apr\u00e8s plus de 15 mois d\u2019arr\u00eat d\u2019activit\u00e9, dans le contexte de la crise sanitaire li\u00e9e \u00e0 la Covid-19\u00a0\u00bb, a soulign\u00e9 M. Abdellatif Kabbaj, pr\u00e9sident de la CNT, qui regroupe l\u2019ensemble des f\u00e9d\u00e9rations professionnelles de l\u2019industrie touristique nationale.<\/p>\n<p>Le red\u00e9marrage a \u00e9t\u00e9 ainsi act\u00e9 le 15 juin courant apr\u00e8s l\u2019atterrissage des premiers vols internationaux \u00e0 l\u2019a\u00e9roport international de Marrakech- M\u00e9nara, marquant la r\u00e9ouverture officielle du ciel marocain, apr\u00e8s de longs mois de fermeture pour lutter contre la propagation de la pand\u00e9mie du nouveau coronavirus.<\/p>\n<p>Pour c\u00e9l\u00e9brer en grande pompe cette reprise, l\u2019Office National Marocain du Tourisme (ONMT) a lanc\u00e9 l\u2019op\u00e9ration \u00ab\u00a0Welcome Back\u00a0\u00bb visant \u00e0 offrir un accueil des plus chaleureux aux premiers touristes et Marocains du monde qui regagnent la m\u00e8re patrie apr\u00e8s de longs mois d\u2019absence.<\/p>\n<p>Ainsi, une haie d\u2019honneur sur tapis rouge a \u00e9t\u00e9 organis\u00e9e \u00e0 la descente de l\u2019avion, en pr\u00e9sence de tous les acteurs qui sont en premi\u00e8re ligne au service des touristes tout au long de leur s\u00e9jour. Au bout de cette haie d\u2019honneur, une porte en bois sculpt\u00e9e a \u00e9t\u00e9 soigneusement appos\u00e9e pour symboliser l\u2019entr\u00e9e des Marocains du Monde dans le Royaume.<\/p>\n<p>\u00ab\u00a0Nous sommes particuli\u00e8rement heureux de pouvoir accueillir \u00e0 nouveau les voyageurs qui viennent visiter notre beau pays. Cette c\u00e9r\u00e9monie est notre mani\u00e8re de c\u00e9l\u00e9brer symboliquement l\u2019aboutissement de tous les efforts d\u00e9ploy\u00e9s par les autorit\u00e9s nationales et les acteurs du tourisme pour la relance et la redynamisation du secteur touristique\u00a0\u00bb, a soulign\u00e9 le Directeur G\u00e9n\u00e9ral de l\u2019ONMT, M. Adel El Fakir.<\/p>\n<p>Un optimisme partag\u00e9 par M. Kabbaj, qui estime que l\u2019arriv\u00e9e des touristes \u00e9trangers et des Marocains du Monde \u00ab\u00a0va donner un nouvel \u00e9lan \u00e0 la reprise de l\u2019industrie touristique que nous attendons\u00a0\u00bb.<\/p>\n<p>Pour accompagner cette dynamique, la CNT a tenu, dans ce sillage, une r\u00e9union visant \u00e0 mettre en place la politique d\u2019accueil destin\u00e9e aux Marocains R\u00e9sidant \u00e0 l\u2019Etranger, qui regagneront la m\u00e8re patrie au cours de la saison estivale 2021, en particulier la politique tarifaire, qui sera mise en \u0153uvre dans le cadre de l\u2019op\u00e9ration \u00ab\u00a0Marhaba\u00a0\u00bb.<\/p>\n<p>\u00ab\u00a0Cette politique tarifaire se veut extr\u00eamement volontariste et int\u00e9ressante avec des conditions exceptionnelles destin\u00e9es \u00e0 encourager les Marocains du monde \u00e0 revenir dans leur pays pour les vacances d\u2019\u00e9t\u00e9\u00a0\u00bb, ont \u00e9t\u00e9 unanimes \u00e0 souligner les membres de la CNT, exprimant leur enthousiasme et confiance quant \u00e0 l\u2019avenir de cette industrie malgr\u00e9 les difficult\u00e9s, forte de ses fondamentaux, dans un pays aux atouts multiples, et gr\u00e2ce \u00e9galement \u00e0 la Bienveillance dont Sa Majest\u00e9 le Roi Mohammed VI ne cesse d\u2019entourer le secteur.<\/p>\n<p>Au cours de cette r\u00e9union, l\u2019ensemble des op\u00e9rateurs touristiques se sont engag\u00e9s \u00e0 r\u00e9server des conditions tarifaires exceptionnelles pour le s\u00e9jour des MRE dans les \u00e9tablissements d\u2019h\u00e9bergement touristique class\u00e9s, toutes cat\u00e9gories confondues, \u00e0 l\u2019\u00e9chelle nationale, ainsi que pour l\u2019ensemble des prestations et services, \u00e0 m\u00eame de leur permettre de vivre et d\u2019appr\u00e9cier l\u2019exp\u00e9rience touristique nationale.<\/p>\n<p>Ils se sont \u00e9galement engag\u00e9s \u00e0 accueillir les Marocains du monde dans les meilleures conditions de s\u00e9curit\u00e9 sanitaire.<\/p>\n<p>\u00ab\u00a0Nous sommes convaincus qu\u2019il n\u2019y aura pas de relance sans une attention particuli\u00e8re \u00e0 l\u2019aspect sanitaire. Nous avons gagn\u00e9 la premi\u00e8re bataille et nous pouvons \u00eatre fiers de toute la d\u00e9marche entreprise par notre pays, d\u00e8s le d\u00e9but, en mati\u00e8re de gestion de cette crise pand\u00e9mique. Cependant, nous devons continuer \u00e0 \u00eatre vigilants\u00a0\u00bb, a affirm\u00e9 M. Bentahar, faisant savoir que les professionnels ont mis en place toutes les mesures sanitaires pour accueillir notre client\u00e8le dans de tr\u00e8s bonnes conditions.<\/p>\n<p>Tout est ainsi pr\u00eat au niveau de la premi\u00e8re destination touristique nationale pour offrir un accueil des plus chaleureux \u00e0 ses h\u00f4tes et redonner espoir et confiance \u00e0 des professionnels qui ont souffert apr\u00e8s la fermeture de leurs \u00e9tablissements.<\/p>\n<p>De m\u00eame, la mythique Place de Jama\u00e2 El Fna peut \u00e0 nouveau offrir ses spectacles magiques anim\u00e9s par des acrobates, musiciens, dresseurs de singes, charmeurs de serpents, narrateurs de contes tir\u00e9s de la pure culture populaire marocaine.<\/p>\n<p>C\u2019est dire qu\u2019apr\u00e8s tant de mois d\u2019attente dans le doute et le d\u00e9sespoir, le show peut, enfin, commencer pour une belle aventure qui s\u2019annonce captivante et passionnante.<\/p>\n<p>The post <a rel=\"nofollow\" href=\"http:\/\/www.mapmarrakech.ma\/fr\/reprise-des-vols-la-lumiere-au-bout-du-tunnel-pour-le-tourisme\/\">Reprise des vols: La lumi\u00e8re au bout du tunnel pour le tourisme<\/a> appeared first on <a rel=\"nofollow\" href=\"http:\/\/www.mapmarrakech.ma\/fr\">MapMarrakech<\/a>.<\/p>\n<\/div>\n<p>Auteur: Meriem IGASS<br \/>\n<a href=\"http:\/\/www.mapmarrakech.ma\/fr\/reprise-des-vols-la-lumiere-au-bout-du-tunnel-pour-le-tourisme\/\">Cliquez ici pour lire l&rsquo;article depuis sa source.<\/a><\/p>\n","protected":false},"excerpt":{"rendered":"<p>Outre la reprise de vols internationaux vers et au d\u00e9part du Royaume, la progression de la campagne de vaccination, la mise en place d\u2019un passeport de vaccination et l\u2019all\u00e9gement des mesures pr\u00e9ventives par le gouvernement ont eu pour effet palpable d\u2019insuffler un vent d\u2019optimisme et donn\u00e9 une lueur d\u2019espoir dans les milieux touristiques, toutes cat\u00e9gories [&hellip;]<\/p>\n","protected":false},"author":1788,"featured_media":0,"comment_status":"closed","ping_status":"closed","sticky":false,"template":"","format":"standard","meta":{"fifu_image_url":"http:\/\/www.mapmarrakech.ma\/map\/uploads\/2019\/05\/jamaaelfna-copier.jpg","fifu_image_alt":"Reprise des vols: La lumi\u00e8re au bout du tunnel pour le tourisme","footnotes":""},"categories":[54,76],"tags":[],"class_list":["post-119292","post","type-post","status-publish","format-standard","hentry","category-maroc","category-regions"],"_links":{"self":[{"href":"https:\/\/linitiative.ca\/International\/wp-json\/wp\/v2\/posts\/119292","targetHints":{"allow":["GET"]}}],"collection":[{"href":"https:\/\/linitiative.ca\/International\/wp-json\/wp\/v2\/posts"}],"about":[{"href":"https:\/\/linitiative.ca\/International\/wp-json\/wp\/v2\/types\/post"}],"author":[{"embeddable":true,"href":"https:\/\/linitiative.ca\/International\/wp-json\/wp\/v2\/users\/1788"}],"replies":[{"embeddable":true,"href":"https:\/\/linitiative.ca\/International\/wp-json\/wp\/v2\/comments?post=119292"}],"version-history":[{"count":0,"href":"https:\/\/linitiative.ca\/International\/wp-json\/wp\/v2\/posts\/119292\/revisions"}],"wp:attachment":[{"href":"https:\/\/linitiative.ca\/International\/wp-json\/wp\/v2\/media?parent=119292"}],"wp:term":[{"taxonomy":"category","embeddable":true,"href":"https:\/\/linitiative.ca\/International\/wp-json\/wp\/v2\/categories?post=119292"},{"taxonomy":"post_tag","embeddable":true,"href":"https:\/\/linitiative.ca\/International\/wp-json\/wp\/v2\/tags?post=119292"}],"curies":[{"name":"wp","href":"https:\/\/api.w.org\/{rel}","templated":true}]}}