{"id":119296,"date":"2021-06-23T08:47:45","date_gmt":"2021-06-23T12:47:45","guid":{"rendered":"https:\/\/linitiative.ca\/International\/oujda-premiere-exposition-individuelle-de-lartiste-peintre-fatiha-rabhi\/"},"modified":"2021-06-23T08:47:45","modified_gmt":"2021-06-23T12:47:45","slug":"oujda-premiere-exposition-individuelle-de-lartiste-peintre-fatiha-rabhi","status":"publish","type":"post","link":"https:\/\/linitiative.ca\/International\/oujda-premiere-exposition-individuelle-de-lartiste-peintre-fatiha-rabhi\/","title":{"rendered":"Oujda: Premi\u00e8re exposition individuelle de l\u2019artiste peintre Fatiha Rabhi"},"content":{"rendered":"<div>\n<div style=\"margin-bottom:20px;\"><img loading=\"lazy\" decoding=\"async\" width=\"750\" height=\"430\" src=\"https:\/\/linitiative.ca\/International\/wp-content\/uploads\/sites\/23\/2021\/06\/Lartiste-peintre-Fatiha-Rabhi-prC3A9sente-ses-C593uvres-750C397430-MAP.jpg\" class=\"attachment-post-thumbnail size-post-thumbnail wp-post-image\" alt=\"\" srcset=\"https:\/\/linitiative.ca\/International\/wp-content\/uploads\/sites\/23\/2021\/06\/Lartiste-peintre-Fatiha-Rabhi-prC3A9sente-ses-C593uvres-750C397430-MAP.jpg 750w, http:\/\/www.mapoujda.ma\/map\/uploads\/2021\/06\/Lartiste-peintre-Fatiha-Rabhi-pr\u00e9sente-ses-\u0153uvres-750\u00d7430-MAP-300x172.jpg 300w\" sizes=\"auto, (max-width: 750px) 100vw, 750px\"><\/div>\n<div>\n<p style=\"text-align: justify;\">Le Th\u00e9\u00e2tre Mohammed VI d\u2019Oujda accueille, du 22 au 26 juin courant, la premi\u00e8re exposition individuelle de l\u2019artiste peintre Fatiha Rabhi, intitul\u00e9e \u00abNature fragile, n\u00e9anmoins\u2026\u00bb.<\/p>\n<p style=\"text-align: justify;\">Install\u00e9e \u00e0 Casablanca, Fatiha Rabhi est revenue \u00e0 sa ville natale pour cette premi\u00e8re exposition individuelle o\u00f9 elle aborde plusieurs th\u00e9matiques et emploie diverses techniques, tournant autour de deux th\u00e8mes axiaux, la femme et la nature.<\/p>\n<p style=\"text-align: justify;\">Dans une d\u00e9claration \u00e0 la cha\u00eene d\u2019information M24, Mme Rabhi a estim\u00e9 que ces deux th\u00e9matiques ont deux points communs : elles sont fortes et fragiles en m\u00eame temps. Mais surtout elles sont symbole de g\u00e9n\u00e9rosit\u00e9, donnant son sens \u00e0 l\u2019existence.<\/p>\n<p style=\"text-align: justify;\">\u00abOn leur doit beaucoup de respect, beaucoup d\u2019admiration, beaucoup d\u2019attention. C\u2019est un sujet pr\u00e9cieux\u00bb, a-t-elle dit.<\/p>\n<p style=\"text-align: justify;\">Sur les tableaux de Fatiha Rabhi, la femme est tour \u00e0 tour jeune, m\u00e8re, artiste, travailleuse, danseuse, r\u00eaveuse. La nature y est aussi peinte dans tous ses \u00e9tats, tant\u00f4t calme, tant\u00f4t tumultueuse. L\u2019artiste semble attentive aux mille et une variations de son sujet, et s\u2019emploie \u00e0 le faire vivre en choisissant avec soin les couleurs et les mouvements, sans oublier les calligraphies qui ornes certaines \u0153uvres.<\/p>\n<p style=\"text-align: justify;\">Chaque tableau est accompagn\u00e9 d\u2019une citation, \u00e9crite par Rabhi elle-m\u00eame ou inspir\u00e9e d\u2019\u00e9crivains et penseurs. Ces citations sont \u00e0 l\u2019origine m\u00eame de ces \u0153uvres, elles guident et entrent en dialogue avec le travail pictural et ouvrent la voie \u00e0 une r\u00e9flexion approfondie sur les th\u00e9matiques abord\u00e9es, explique l\u2019artiste.<\/p>\n<p style=\"text-align: justify;\">Les techniques utilis\u00e9es sont diverses : peinture \u00e0 l\u2019huile, acrylique, des tableaux en relief, en r\u00e9sine, en pouring.<\/p>\n<p style=\"text-align: justify;\">\u00abJe me cherche encore, en essayant de trouver ma voie\u00bb, dit Mme Rabhi, pour qui l\u2019art est une th\u00e9rapie, qui soigne et fait avancer.<\/p>\n<\/div>\n<p>L\u2019article <a rel=\"nofollow\" href=\"http:\/\/www.mapoujda.ma\/fr\/oujda-premiere-exposition-individuelle-de-lartiste-peintre-fatiha-rabhi\/\">Oujda: Premi\u00e8re exposition individuelle de l\u2019artiste peintre Fatiha Rabhi<\/a> est apparu en premier sur <a rel=\"nofollow\" href=\"http:\/\/www.mapoujda.ma\/fr\">MapOujda<\/a>.<\/p>\n<\/div>\n<p>Auteur: Soufiane ELAHMAR<br \/>\n<a href=\"http:\/\/www.mapoujda.ma\/fr\/oujda-premiere-exposition-individuelle-de-lartiste-peintre-fatiha-rabhi\/\">Cliquez ici pour lire l&rsquo;article depuis sa source.<\/a><\/p>\n","protected":false},"excerpt":{"rendered":"<p>Le Th\u00e9\u00e2tre Mohammed VI d\u2019Oujda accueille, du 22 au 26 juin courant, la premi\u00e8re exposition individuelle de l\u2019artiste peintre Fatiha Rabhi, intitul\u00e9e \u00abNature fragile, n\u00e9anmoins\u2026\u00bb. Install\u00e9e \u00e0 Casablanca, Fatiha Rabhi est revenue \u00e0 sa ville natale pour cette premi\u00e8re exposition individuelle o\u00f9 elle aborde plusieurs th\u00e9matiques et emploie diverses techniques, tournant autour de deux th\u00e8mes [&hellip;]<\/p>\n","protected":false},"author":1788,"featured_media":0,"comment_status":"closed","ping_status":"closed","sticky":false,"template":"","format":"standard","meta":{"fifu_image_url":"http:\/\/www.mapoujda.ma\/map\/uploads\/2021\/06\/Lartiste-peintre-Fatiha-Rabhi-pr\u00e9sente-ses-\u0153uvres-750\u00d7430-MAP.jpg","fifu_image_alt":"Oujda: Premi\u00e8re exposition individuelle de l\u2019artiste peintre Fatiha Rabhi","footnotes":""},"categories":[54,76],"tags":[],"class_list":["post-119296","post","type-post","status-publish","format-standard","hentry","category-maroc","category-regions"],"_links":{"self":[{"href":"https:\/\/linitiative.ca\/International\/wp-json\/wp\/v2\/posts\/119296","targetHints":{"allow":["GET"]}}],"collection":[{"href":"https:\/\/linitiative.ca\/International\/wp-json\/wp\/v2\/posts"}],"about":[{"href":"https:\/\/linitiative.ca\/International\/wp-json\/wp\/v2\/types\/post"}],"author":[{"embeddable":true,"href":"https:\/\/linitiative.ca\/International\/wp-json\/wp\/v2\/users\/1788"}],"replies":[{"embeddable":true,"href":"https:\/\/linitiative.ca\/International\/wp-json\/wp\/v2\/comments?post=119296"}],"version-history":[{"count":0,"href":"https:\/\/linitiative.ca\/International\/wp-json\/wp\/v2\/posts\/119296\/revisions"}],"wp:attachment":[{"href":"https:\/\/linitiative.ca\/International\/wp-json\/wp\/v2\/media?parent=119296"}],"wp:term":[{"taxonomy":"category","embeddable":true,"href":"https:\/\/linitiative.ca\/International\/wp-json\/wp\/v2\/categories?post=119296"},{"taxonomy":"post_tag","embeddable":true,"href":"https:\/\/linitiative.ca\/International\/wp-json\/wp\/v2\/tags?post=119296"}],"curies":[{"name":"wp","href":"https:\/\/api.w.org\/{rel}","templated":true}]}}