{"id":119302,"date":"2021-06-23T13:38:15","date_gmt":"2021-06-23T17:38:15","guid":{"rendered":"https:\/\/linitiative.ca\/International\/la-plume-dor-2021-recompense-deux-eleves-doujda\/"},"modified":"2021-06-23T13:38:15","modified_gmt":"2021-06-23T17:38:15","slug":"la-plume-dor-2021-recompense-deux-eleves-doujda","status":"publish","type":"post","link":"https:\/\/linitiative.ca\/International\/la-plume-dor-2021-recompense-deux-eleves-doujda\/","title":{"rendered":"\u00abLa Plume d\u2019Or 2021\u00bb r\u00e9compense deux \u00e9l\u00e8ves d\u2019Oujda"},"content":{"rendered":"<div>\n<div style=\"margin-bottom:20px;\"><img loading=\"lazy\" decoding=\"async\" width=\"750\" height=\"430\" src=\"https:\/\/linitiative.ca\/International\/wp-content\/uploads\/sites\/23\/2021\/06\/SiC3A8ge-de-linstitut-franC3A7ais-doujda-750C397430-MAP.jpg\" class=\"attachment-post-thumbnail size-post-thumbnail wp-post-image\" alt=\"\" srcset=\"https:\/\/linitiative.ca\/International\/wp-content\/uploads\/sites\/23\/2021\/06\/SiC3A8ge-de-linstitut-franC3A7ais-doujda-750C397430-MAP.jpg 750w, http:\/\/www.mapoujda.ma\/map\/uploads\/2021\/06\/Si\u00e8ge-de-linstitut-fran\u00e7ais-doujda-750\u00d7430-MAP-300x172.jpg 300w\" sizes=\"auto, (max-width: 750px) 100vw, 750px\"><\/div>\n<p style=\"text-align: justify;\">Deux \u00e9tudiantes de l\u2019Institut fran\u00e7ais d\u2019Oujda (IFO) figurent parmi les laur\u00e9ats du concours international \u00abLa Plume d\u2019Or 2021\u00bb et constituent les seules laur\u00e9ates marocaines de cette comp\u00e9tition culturelle.<\/p>\n<p style=\"text-align: justify;\">La Plume d\u2019Or est un concours ouvert aux apprenants de tous les instituts et alliances fran\u00e7aises du monde, qui distingue la qualit\u00e9 des connaissances en langue et culture fran\u00e7aises.<\/p>\n<p style=\"text-align: justify;\">Ce prestigieux concours est parrain\u00e9 par le S\u00e9nat fran\u00e7ais et soutenu par le Secr\u00e9tariat \u00e0 la Francophonie et par la Fondation des Alliances Fran\u00e7aises, indique l\u2019IFO.<\/p>\n<p>L\u2019article <a rel=\"nofollow\" href=\"http:\/\/www.mapoujda.ma\/fr\/la-plume-dor-2021-recompense-deux-eleves-doujda\/\">\u00abLa Plume d\u2019Or 2021\u00bb r\u00e9compense deux \u00e9l\u00e8ves d\u2019Oujda<\/a> est apparu en premier sur <a rel=\"nofollow\" href=\"http:\/\/www.mapoujda.ma\/fr\">MapOujda<\/a>.<\/p>\n<\/div>\n<p>Auteur: Soufiane ELAHMAR<br \/>\n<a href=\"http:\/\/www.mapoujda.ma\/fr\/la-plume-dor-2021-recompense-deux-eleves-doujda\/\">Cliquez ici pour lire l&rsquo;article depuis sa source.<\/a><\/p>\n","protected":false},"excerpt":{"rendered":"<p>Deux \u00e9tudiantes de l\u2019Institut fran\u00e7ais d\u2019Oujda (IFO) figurent parmi les laur\u00e9ats du concours international \u00abLa Plume d\u2019Or 2021\u00bb et constituent les seules laur\u00e9ates marocaines de cette comp\u00e9tition culturelle. La Plume d\u2019Or est un concours ouvert aux apprenants de tous les instituts et alliances fran\u00e7aises du monde, qui distingue la qualit\u00e9 des connaissances en langue et [&hellip;]<\/p>\n","protected":false},"author":1788,"featured_media":0,"comment_status":"closed","ping_status":"closed","sticky":false,"template":"","format":"standard","meta":{"fifu_image_url":"http:\/\/www.mapoujda.ma\/map\/uploads\/2021\/06\/Si\u00e8ge-de-linstitut-fran\u00e7ais-doujda-750\u00d7430-MAP.jpg","fifu_image_alt":"\u00abLa Plume d\u2019Or 2021\u00bb r\u00e9compense deux \u00e9l\u00e8ves d\u2019Oujda","footnotes":""},"categories":[54,76],"tags":[],"class_list":["post-119302","post","type-post","status-publish","format-standard","hentry","category-maroc","category-regions"],"_links":{"self":[{"href":"https:\/\/linitiative.ca\/International\/wp-json\/wp\/v2\/posts\/119302","targetHints":{"allow":["GET"]}}],"collection":[{"href":"https:\/\/linitiative.ca\/International\/wp-json\/wp\/v2\/posts"}],"about":[{"href":"https:\/\/linitiative.ca\/International\/wp-json\/wp\/v2\/types\/post"}],"author":[{"embeddable":true,"href":"https:\/\/linitiative.ca\/International\/wp-json\/wp\/v2\/users\/1788"}],"replies":[{"embeddable":true,"href":"https:\/\/linitiative.ca\/International\/wp-json\/wp\/v2\/comments?post=119302"}],"version-history":[{"count":0,"href":"https:\/\/linitiative.ca\/International\/wp-json\/wp\/v2\/posts\/119302\/revisions"}],"wp:attachment":[{"href":"https:\/\/linitiative.ca\/International\/wp-json\/wp\/v2\/media?parent=119302"}],"wp:term":[{"taxonomy":"category","embeddable":true,"href":"https:\/\/linitiative.ca\/International\/wp-json\/wp\/v2\/categories?post=119302"},{"taxonomy":"post_tag","embeddable":true,"href":"https:\/\/linitiative.ca\/International\/wp-json\/wp\/v2\/tags?post=119302"}],"curies":[{"name":"wp","href":"https:\/\/api.w.org\/{rel}","templated":true}]}}