{"id":119306,"date":"2021-06-23T10:14:50","date_gmt":"2021-06-23T14:14:50","guid":{"rendered":"https:\/\/linitiative.ca\/International\/casablanca-la-tremie-almohades-sera-inauguree-ce-samedi\/"},"modified":"2021-06-23T10:14:50","modified_gmt":"2021-06-23T14:14:50","slug":"casablanca-la-tremie-almohades-sera-inauguree-ce-samedi","status":"publish","type":"post","link":"https:\/\/linitiative.ca\/International\/casablanca-la-tremie-almohades-sera-inauguree-ce-samedi\/","title":{"rendered":"Casablanca: la tr\u00e9mie Almohades sera inaugur\u00e9e ce samedi"},"content":{"rendered":"<div>\n<div class=\"field field-name-body field-type-text-with-summary field-label-hidden\">\n<div class=\"field-items\">\n<div class=\"field-item even\" property=\"content:encoded\">\n<p class=\"rtejustify\">Bonne nouvelle pour les automobilistes. La tr\u00e9mie des Almohades, reliant boulevard des FAR \u00e0 la Marina, sera ouverte \u00e0 la circulation samedi 26 juin. Une c\u00e9r\u00e9monie de lancement sera organis\u00e9e sur place \u00e0 19h.<\/p>\n<p class=\"rtejustify\">Said Ahmidouch, wali de la r\u00e9gion Casa-Settat, visitera le m\u00eame jour un autre ouvrage d\u2019art situ\u00e9 sur boulevard Ouled Ziane . Il s\u2019agit d\u2019un nouveau pont \u00abbow-string\u00bb, enjambant l\u2019autoroute urbaine.\u00a0<\/p>\n<\/div>\n<\/div>\n<\/div>\n<\/div>\n<p>Auteur: mbasraoui<br \/>\n<a href=\"https:\/\/www.leconomiste.com\/flash-infos\/casablanca-la-tremie-almohades-sera-inauguree-ce-samedi\">Cliquez ici pour lire l&rsquo;article depuis sa source.<\/a><\/p>\n","protected":false},"excerpt":{"rendered":"<p>Bonne nouvelle pour les automobilistes. La tr\u00e9mie des Almohades, reliant boulevard des FAR \u00e0 la Marina, sera ouverte \u00e0 la circulation samedi 26 juin. Une c\u00e9r\u00e9monie de lancement sera organis\u00e9e sur place \u00e0 19h. Said Ahmidouch, wali de la r\u00e9gion Casa-Settat, visitera le m\u00eame jour un autre ouvrage d\u2019art situ\u00e9 sur boulevard Ouled Ziane . [&hellip;]<\/p>\n","protected":false},"author":1763,"featured_media":0,"comment_status":"closed","ping_status":"closed","sticky":false,"template":"","format":"standard","meta":{"fifu_image_url":"","fifu_image_alt":"","footnotes":""},"categories":[78,54],"tags":[],"class_list":["post-119306","post","type-post","status-publish","format-standard","hentry","category-economie","category-maroc"],"_links":{"self":[{"href":"https:\/\/linitiative.ca\/International\/wp-json\/wp\/v2\/posts\/119306","targetHints":{"allow":["GET"]}}],"collection":[{"href":"https:\/\/linitiative.ca\/International\/wp-json\/wp\/v2\/posts"}],"about":[{"href":"https:\/\/linitiative.ca\/International\/wp-json\/wp\/v2\/types\/post"}],"author":[{"embeddable":true,"href":"https:\/\/linitiative.ca\/International\/wp-json\/wp\/v2\/users\/1763"}],"replies":[{"embeddable":true,"href":"https:\/\/linitiative.ca\/International\/wp-json\/wp\/v2\/comments?post=119306"}],"version-history":[{"count":0,"href":"https:\/\/linitiative.ca\/International\/wp-json\/wp\/v2\/posts\/119306\/revisions"}],"wp:attachment":[{"href":"https:\/\/linitiative.ca\/International\/wp-json\/wp\/v2\/media?parent=119306"}],"wp:term":[{"taxonomy":"category","embeddable":true,"href":"https:\/\/linitiative.ca\/International\/wp-json\/wp\/v2\/categories?post=119306"},{"taxonomy":"post_tag","embeddable":true,"href":"https:\/\/linitiative.ca\/International\/wp-json\/wp\/v2\/tags?post=119306"}],"curies":[{"name":"wp","href":"https:\/\/api.w.org\/{rel}","templated":true}]}}