{"id":119307,"date":"2021-06-23T10:20:13","date_gmt":"2021-06-23T14:20:13","guid":{"rendered":"https:\/\/linitiative.ca\/International\/guinee-managem-demarre-la-production-a-la-mine-dor-de-tri-k\/"},"modified":"2021-06-23T10:20:13","modified_gmt":"2021-06-23T14:20:13","slug":"guinee-managem-demarre-la-production-a-la-mine-dor-de-tri-k","status":"publish","type":"post","link":"https:\/\/linitiative.ca\/International\/guinee-managem-demarre-la-production-a-la-mine-dor-de-tri-k\/","title":{"rendered":"Guin\u00e9e: Managem d\u00e9marre la production \u00e0 la mine d\u2019or de Tri-K"},"content":{"rendered":"<div>\n<div class=\"field field-name-body field-type-text-with-summary field-label-hidden\">\n<div class=\"field-items\">\n<div class=\"field-item even\" property=\"content:encoded\">\n<p class=\"rtejustify\">Le Groupe Managem lance la production \u00e0 la mine d\u2019or de Tri-K en Guin\u00e9e. Situ\u00e9e au nord-est de Kankan dans la r\u00e9gion de Mandiana, cette mine \u00e0 ciel ouvert contient des r\u00e9serves estim\u00e9es \u00e0 1.565.000 onces pour une production cible de 130.000 onces par an.\u00a0<\/p>\n<\/div>\n<\/div>\n<\/div>\n<\/div>\n<p>Auteur: mbasraoui<br \/>\n<a href=\"https:\/\/www.leconomiste.com\/flash-infos\/guinee-managem-demarre-la-production-la-mine-d-or-de-tri-k\">Cliquez ici pour lire l&rsquo;article depuis sa source.<\/a><\/p>\n","protected":false},"excerpt":{"rendered":"<p>Le Groupe Managem lance la production \u00e0 la mine d\u2019or de Tri-K en Guin\u00e9e. Situ\u00e9e au nord-est de Kankan dans la r\u00e9gion de Mandiana, cette mine \u00e0 ciel ouvert contient des r\u00e9serves estim\u00e9es \u00e0 1.565.000 onces pour une production cible de 130.000 onces par an.\u00a0 Auteur: mbasraoui Cliquez ici pour lire l&rsquo;article depuis sa source.<\/p>\n","protected":false},"author":1763,"featured_media":0,"comment_status":"closed","ping_status":"closed","sticky":false,"template":"","format":"standard","meta":{"fifu_image_url":"","fifu_image_alt":"","footnotes":""},"categories":[78,54],"tags":[],"class_list":["post-119307","post","type-post","status-publish","format-standard","hentry","category-economie","category-maroc"],"_links":{"self":[{"href":"https:\/\/linitiative.ca\/International\/wp-json\/wp\/v2\/posts\/119307","targetHints":{"allow":["GET"]}}],"collection":[{"href":"https:\/\/linitiative.ca\/International\/wp-json\/wp\/v2\/posts"}],"about":[{"href":"https:\/\/linitiative.ca\/International\/wp-json\/wp\/v2\/types\/post"}],"author":[{"embeddable":true,"href":"https:\/\/linitiative.ca\/International\/wp-json\/wp\/v2\/users\/1763"}],"replies":[{"embeddable":true,"href":"https:\/\/linitiative.ca\/International\/wp-json\/wp\/v2\/comments?post=119307"}],"version-history":[{"count":0,"href":"https:\/\/linitiative.ca\/International\/wp-json\/wp\/v2\/posts\/119307\/revisions"}],"wp:attachment":[{"href":"https:\/\/linitiative.ca\/International\/wp-json\/wp\/v2\/media?parent=119307"}],"wp:term":[{"taxonomy":"category","embeddable":true,"href":"https:\/\/linitiative.ca\/International\/wp-json\/wp\/v2\/categories?post=119307"},{"taxonomy":"post_tag","embeddable":true,"href":"https:\/\/linitiative.ca\/International\/wp-json\/wp\/v2\/tags?post=119307"}],"curies":[{"name":"wp","href":"https:\/\/api.w.org\/{rel}","templated":true}]}}