{"id":119314,"date":"2021-06-23T05:48:32","date_gmt":"2021-06-23T09:48:32","guid":{"rendered":"https:\/\/linitiative.ca\/International\/hosni-kitouni-chercheur-en-histoire-lhistoire-officielle-est-saturee-de-zones-dombre-et-de-denis-qui-un-jour-ou-lautre-remontent-a-la-surface\/"},"modified":"2021-06-23T05:48:32","modified_gmt":"2021-06-23T09:48:32","slug":"hosni-kitouni-chercheur-en-histoire-lhistoire-officielle-est-saturee-de-zones-dombre-et-de-denis-qui-un-jour-ou-lautre-remontent-a-la-surface","status":"publish","type":"post","link":"https:\/\/linitiative.ca\/International\/hosni-kitouni-chercheur-en-histoire-lhistoire-officielle-est-saturee-de-zones-dombre-et-de-denis-qui-un-jour-ou-lautre-remontent-a-la-surface\/","title":{"rendered":"Hosni Kitouni. Chercheur en histoire : \u00abL\u2019histoire officielle est satur\u00e9e de zones d\u2019ombre et de d\u00e9nis qui, un jour ou l\u2019autre, remontent \u00e0 la surface\u00bb"},"content":{"rendered":"<div>\n<div class=\"sriret\"><img loading=\"lazy\" decoding=\"async\" width=\"220\" height=\"296\" src=\"https:\/\/linitiative.ca\/International\/wp-content\/uploads\/sites\/23\/2021\/06\/image001-14.jpg\" class=\"attachment-featured_large size-featured_large wp-post-image\" alt=\"\" style=\"margin-bottom: 15px;\"><\/div>\n<p>\u00a0<\/p>\n<ul>\n<li class=\"p4\"><em><strong><span class=\"s2\">Dans un entretien t\u00e9l\u00e9vis\u00e9, Nordine A\u00eft Hamouda vient de traiter l\u2019Emir Abdelkader de tra\u00eetre, invoquant des \u00abfaits\u00bb historiques. Que pensez-vous de ses d\u00e9clarations ?<\/span><\/strong><\/em><\/li>\n<\/ul>\n<p class=\"p4\"><span class=\"s2\">Je crois que le scandale est plus dans l\u2019usage du terme <i>\u00abtra\u00eetre\u00bb<\/i> que dans la justification qu\u2019en donne Nordine A\u00eft Hamouda. L\u2019\u00e9cole et la culture dominante nous ont appris \u00e0 juger les hommes et les faits du pass\u00e9 selon la grille de lecture du nationalisme triomphant.<\/span><\/p>\n<p class=\"p4\"><span class=\"s2\">Vision ayant eu pour cons\u00e9quence d\u2019exclure, par exemple, les Ferhat Abbas, El Okbi, les courants et partis r\u00e9formistes et les communistes de la doxa nationale. De fait, l\u2019historiographie a fait l\u2019impasse sur tous ceux qui n\u2019ont pas \u00abcombattu par les armes\u00bb la colonisation, les intellectuels, les personnalit\u00e9s, accus\u00e9s \u00e0 tort ou \u00e0 raison d\u2019avoir <i>\u00abcollabor\u00e9 avec l\u2019ennemi\u00bb<\/i>.<\/span><\/p>\n<p class=\"p4\"><span class=\"s2\">Leurs noms ne figurent ni dans nos livres d\u2019histoire, ni au panth\u00e9on de notre m\u00e9moire, ni aux frontons de nos rues, ni dans nos mus\u00e9es et comm\u00e9morations m\u00e9morielles. Ainsi, l\u2019histoire est \u00e9pur\u00e9e de tout ce qui ne rentre pas dans le moule. Et un h\u00e9ros doit l\u2019\u00eatre forc\u00e9ment de bout en bout, tout au long de sa vie. Et quand il se trouve qu\u2019un fait, un \u00e9pisode d\u00e9rogent au portrait g\u00e9n\u00e9ral, alors on les passe \u00e0 la trappe.<\/span><\/p>\n<p class=\"p4\"><span class=\"s2\">De sorte que l\u2019histoire officielle est satur\u00e9e de zones d\u2019ombre, de silences, de d\u00e9nis qui, forc\u00e9ment, un jour ou l\u2019autre, remontent \u00e0 la surface. Ce sont ces silences et ces d\u00e9nis qui offrent un terrain fertile aux pol\u00e9miques et aux controverses. Et ce sera ainsi aussi longtemps que l\u2019histoire restera l\u2019otage du pouvoir politique.<\/span><\/p>\n<p class=\"p4\"><span class=\"s2\">Car l\u2019histoire s\u2019\u00e9crit pr\u00e9cis\u00e9ment par de successives remises en cause, des questionnements, des mises au jour de nouvelles sources, etc., et donc forc\u00e9ment en remettant en cause les v\u00e9rit\u00e9s statufi\u00e9es. Faute donc de r\u00e9viser le statut de l\u2019histoire et des historiens dans leur relation au pouvoir<b> <\/b>politique, ces d\u00e9bats st\u00e9riles vont continuer \u00e0 nourrir les conflits d\u2019une autre nature. <\/span><\/p>\n<ul>\n<li class=\"p4\"><em><strong><span class=\"s2\">Mais y a-t-il une part de v\u00e9rit\u00e9 dans ce qu\u2019il a avanc\u00e9 ?<\/span><\/strong><\/em><\/li>\n<\/ul>\n<p class=\"p4\"><span class=\"s2\">Ce qui vient de se passer avec M. A\u00eft Hamouda ne d\u00e9roge pas \u00e0 la r\u00e8gle, sauf que dans son cas, il pose une question l\u00e9gitime sur l\u2019importance du trait\u00e9 de la Tafna, mais lui donne une r\u00e9ponse totalement contraire aux faits \u2013 <i>\u00abl\u2019Emir a vendu le pays \u00e0 la France\u00bb<\/i> \u2013, ce qui \u00e0 ses yeux est un acte de tra\u00eetrise. C\u2019est cette accusation qui a fait trembler la blogosph\u00e8re et indign\u00e9 \u00e0 juste titre de nombreux Alg\u00e9riens.<\/span><\/p>\n<p class=\"p4\"><span class=\"s2\">Or, tous les historiens s\u2019accordent \u00e0 dire que la Convention de la Tafna que la France fut contrainte de signer est <i>\u00abune victoire diplomatique, politique et militaire exceptionnelle\u00bb <\/i>pour l\u2019Emir.<\/span><\/p>\n<p class=\"p4\"><span class=\"s2\">Elle le rendait <i>\u00able ma\u00eetre de la majeure partie de la R\u00e9gence\u00bb,<\/i> comme l\u2019\u00e9crit Charles-Andr\u00e9 Julien. Pour le gouverneur g\u00e9n\u00e9ral de l\u2019\u00e9poque, le g\u00e9n\u00e9ral Damr\u00e9mont, la convention <i>\u00abn\u2019\u00e9tait pour la France ni avantageuse ni honorable, mais en revanche elle rendait l\u2019Emir plus puissant qu\u2019une victoire \u00e9clatante n\u2019aurait pu faire\u00bb.<\/i> <\/span><\/p>\n<p class=\"p4\"><span class=\"s2\">De fait, la Convention for\u00e7ait la France \u00e0 abandonner des territoires et des villes d\u00e9j\u00e0 conquis. Elle c\u00e8de \u00e0 l\u2019Emir tout le beylik d\u2019Oran, \u00e0 l\u2019exception des villes c\u00f4ti\u00e8res (Oran Mostaganem, Arzew).<\/span><\/p>\n<p class=\"p4\"><span class=\"s2\">Elle se retire de Tlemcen, Mascara, du Titteri et d\u2019une partie de la province d\u2019Alger (sans le Sahel, la Mitidja et Blida) et lui reconna\u00eet le droit d\u2019\u00e9tendre sa souverainet\u00e9 au-del\u00e0 de l\u2019Oued Keddara. L\u2019Emir n\u2019a donc rien c\u00e9d\u00e9 \u00e0 la France, comme l\u2019affirme M. A\u00eft Hamouda, c\u2019est au contraire Bugeaud, le n\u00e9gociateur fran\u00e7ais, qui fut accus\u00e9 ensuite de corruption pour avoir fait des concessions inadmissibles. <\/span><\/p>\n<p class=\"p4\"><span class=\"s2\">Pourquoi la France fut-elle contrainte de signer le trait\u00e9 ? Quels impacts e\u00fbt-il sur l\u2019avenir de la r\u00e9sistance ? Quels avantages pour les Alg\u00e9riens d\u2019alors ?<\/span><\/p>\n<p class=\"p4\"><span class=\"s2\">Toutes ces questions ont fait l\u2019objet de nombreux travaux d\u2019historiens et nulle part on ne trouve d\u2019\u00e9l\u00e9ments pour justifier l\u2019accusation p\u00e9remptoire de M. A\u00eft Hamouda. Pourquoi s\u2019en est-il pris \u00e0 l\u2019Emir de mani\u00e8re aussi mensong\u00e8re et dans quel but ? Voil\u00e0 ce qui n\u2019a pas de r\u00e9ponse dans le pass\u00e9 ni dans la vie de l\u2019Emir, mais dans le pr\u00e9sent et les enjeux politiques dans lesquels est impliqu\u00e9 M.\u00a0A\u00eft Hamouda. <\/span><\/p>\n<ul>\n<li class=\"p4\"><em><strong><span class=\"s2\">Il a soulev\u00e9 aussi la pol\u00e9mique autour de personnages historiques, et il n\u2019est pas le seul, si l\u2019on consid\u00e8re aussi les d\u00e9clarations du s\u00e9nateur Benza\u00efm et celles de Bengrina sur la participation de la Kabylie \u00e0 la R\u00e9volution. S\u2019agit-il de convocations opportunistes de l\u2019histoire au service d\u2019enjeux politiques, ou d\u2019autre chose ?<\/span><\/strong><\/em><\/li>\n<\/ul>\n<p class=\"p4\"><span class=\"s2\">Il y a l\u00e0 un probl\u00e8me d\u00e9ontologique et moral\u00a0: un homme politique a-t-il le droit de porter des jugements publics sur des personnages historiques dans le but d\u2019alimenter des controverses m\u00e9diatiques ? C\u2019est dans la culture des \u00e9lites et du pouvoir d\u2019avoir toujours combattu leurs ennemis en les accusant de trahison.<\/span><\/p>\n<p class=\"p4\"><span class=\"s2\">Se consid\u00e9rant comme \u00e9tant les seuls porteurs du nationalisme, tous ceux qui s\u2019opposent \u00e0 eux sont forc\u00e9ment des vendus \u00e0 l\u2019ennemi. Chez les jeunes politiques, il semble que la tradition se soit reconduite sous des formes quoique diff\u00e9rentes, mais r\u00e9pondant au m\u00eame paradigme : il y a d\u2019un c\u00f4t\u00e9 les bons et de l\u2019autre les m\u00e9chants, et les m\u00e9chants sont forc\u00e9ment du c\u00f4t\u00e9 de la France. <\/span><\/p>\n<p class=\"p4\"><span class=\"s2\">Faute d\u2019avoir des projets et des programmes politiques par lesquels ils peuvent se distinguer et mobiliser leur lectorat, faute d\u2019avoir une culture historique et des r\u00eaves \u00e0 faire partager, des ambitions \u00e0 nourrir, ils vont puiser dans les caniveaux de l\u2019inculture pour alimenter leur discours.<\/span><\/p>\n<p class=\"p4\"><span class=\"s2\">Sauf que cette tendance \u00e0 tirer toujours vers le bas l\u2019auditoire, \u00e0 jouer avec les vieux d\u00e9mons du s\u00e9paratisme et du r\u00e9gionalisme, de la haine religieuse et culturelle, on risque d\u2019aller trop loin. Est-ce le but recherch\u00e9 par ces gens ? Je me le demande.<\/span><\/p>\n<ul>\n<li class=\"p4\"><em><strong><span class=\"s2\">Le ph\u00e9nom\u00e8ne des pol\u00e9miques n\u2019est pas proprement alg\u00e9rien, mais vous dites que l\u2019histoire est prise en otage par le politique. Comment l\u2019expliquez-vous ?<\/span><\/strong><\/em><\/li>\n<\/ul>\n<p class=\"p4\"><span class=\"s2\">L\u2019histoire de mani\u00e8re g\u00e9n\u00e9rale est toujours interrog\u00e9e par les hommes et les femmes du pr\u00e9sent, ils ne lui posent que les questions qui engagent leur avenir. Forc\u00e9ment, elle est donc toujours l\u2019objet d\u2019un savoir provisoire et jamais unanime, parce que les int\u00e9r\u00eats, les id\u00e9ologies, les sensibilit\u00e9s sont tellement divers et multiples dans une soci\u00e9t\u00e9 et qu\u2019une soci\u00e9t\u00e9 est toujours en \u00e9volution. Ces questionnements am\u00e8nent au renouvellement des sources, des m\u00e9thodes et des champs d\u2019investigation.<\/span><\/p>\n<p class=\"p4\"><span class=\"s2\">Pour toutes ces raisons, comme vous le soulignez dans votre question, les pol\u00e9miques autour de l\u2019histoire existent partout, sauf que chez nous, elle a \u00e9t\u00e9 prise en otage d\u00e8s 1962 (on peut m\u00eame avancer que cela remonte \u00e0 la naissance du Mouvement nationaliste). Elle est instrumentalis\u00e9e comme rh\u00e9torique l\u00e9gitimant le pouvoir politique, pr\u00e9sent\u00e9 comme une \u00e9manation d\u2019une nation arabo-musulmane intemporelle.<\/span><\/p>\n<p class=\"p4\"><span class=\"s2\">Faute d\u2019asservir les historiens, on a d\u00e9pouill\u00e9 les institutions de recherches et d\u2019\u00e9tudes des moyens de leur libert\u00e9. Alors forc\u00e9ment, le d\u00e9bat historique devient politique, parce qu\u2019il interroge cette l\u00e9gitimation et les institutions o\u00f9 sont produits ces discours. Enfin, comme toute histoire est forc\u00e9ment la reconstitution de la vie politique des nations, interroger le pass\u00e9 n\u2019est-ce pas chercher \u00e0 en tirer un avantage politique dans le pr\u00e9sent ?<\/span><\/p>\n<p>L\u2019article <a rel=\"nofollow\" href=\"https:\/\/www.elwatan.com\/edition\/actualite\/lhistoire-officielle-est-saturee-de-zones-dombre-et-de-denis-qui-un-jour-ou-lautre-remontent-a-la-surface-23-06-2021\">Hosni Kitouni. Chercheur en histoire : \u00abL\u2019histoire officielle est satur\u00e9e de zones d\u2019ombre et de d\u00e9nis qui, un jour ou l\u2019autre, remontent \u00e0 la surface\u00bb<\/a> est apparu en premier sur <a rel=\"nofollow\" href=\"https:\/\/www.elwatan.com\/\">El Watan<\/a>.<\/p>\n<\/div>\n<p>Auteur: Anis Khecheba<br \/>\n<a href=\"https:\/\/www.elwatan.com\/edition\/actualite\/lhistoire-officielle-est-saturee-de-zones-dombre-et-de-denis-qui-un-jour-ou-lautre-remontent-a-la-surface-23-06-2021\">Cliquez ici pour lire l&rsquo;article depuis sa source.<\/a><\/p>\n","protected":false},"excerpt":{"rendered":"<p>\u00a0 Dans un entretien t\u00e9l\u00e9vis\u00e9, Nordine A\u00eft Hamouda vient de traiter l\u2019Emir Abdelkader de tra\u00eetre, invoquant des \u00abfaits\u00bb historiques. Que pensez-vous de ses d\u00e9clarations ? Je crois que le scandale est plus dans l\u2019usage du terme \u00abtra\u00eetre\u00bb que dans la justification qu\u2019en donne Nordine A\u00eft Hamouda. L\u2019\u00e9cole et la culture dominante nous ont appris \u00e0 [&hellip;]<\/p>\n","protected":false},"author":1743,"featured_media":0,"comment_status":"closed","ping_status":"closed","sticky":false,"template":"","format":"standard","meta":{"fifu_image_url":"https:\/\/www.elwatan.com\/wp-content\/uploads\/2021\/05\/image001-14.jpg","fifu_image_alt":"Hosni Kitouni. Chercheur en histoire : \u00abL\u2019histoire officielle est satur\u00e9e de zones d\u2019ombre et de d\u00e9nis qui, un jour ou l\u2019autre, remontent \u00e0 la surface\u00bb","footnotes":""},"categories":[73,53],"tags":[],"class_list":["post-119314","post","type-post","status-publish","format-standard","hentry","category-actualite","category-algerie"],"_links":{"self":[{"href":"https:\/\/linitiative.ca\/International\/wp-json\/wp\/v2\/posts\/119314","targetHints":{"allow":["GET"]}}],"collection":[{"href":"https:\/\/linitiative.ca\/International\/wp-json\/wp\/v2\/posts"}],"about":[{"href":"https:\/\/linitiative.ca\/International\/wp-json\/wp\/v2\/types\/post"}],"author":[{"embeddable":true,"href":"https:\/\/linitiative.ca\/International\/wp-json\/wp\/v2\/users\/1743"}],"replies":[{"embeddable":true,"href":"https:\/\/linitiative.ca\/International\/wp-json\/wp\/v2\/comments?post=119314"}],"version-history":[{"count":0,"href":"https:\/\/linitiative.ca\/International\/wp-json\/wp\/v2\/posts\/119314\/revisions"}],"wp:attachment":[{"href":"https:\/\/linitiative.ca\/International\/wp-json\/wp\/v2\/media?parent=119314"}],"wp:term":[{"taxonomy":"category","embeddable":true,"href":"https:\/\/linitiative.ca\/International\/wp-json\/wp\/v2\/categories?post=119314"},{"taxonomy":"post_tag","embeddable":true,"href":"https:\/\/linitiative.ca\/International\/wp-json\/wp\/v2\/tags?post=119314"}],"curies":[{"name":"wp","href":"https:\/\/api.w.org\/{rel}","templated":true}]}}