{"id":119316,"date":"2021-06-23T05:50:16","date_gmt":"2021-06-23T09:50:16","guid":{"rendered":"https:\/\/linitiative.ca\/International\/nouvelles-charges-contre-zoukh-et-reguieg\/"},"modified":"2021-06-23T05:50:16","modified_gmt":"2021-06-23T09:50:16","slug":"nouvelles-charges-contre-zoukh-et-reguieg","status":"publish","type":"post","link":"https:\/\/linitiative.ca\/International\/nouvelles-charges-contre-zoukh-et-reguieg\/","title":{"rendered":"Nouvelles charges contre Zoukh et Reguieg"},"content":{"rendered":"<div>\n<div class=\"sriret\"><img loading=\"lazy\" decoding=\"async\" width=\"1764\" height=\"984\" src=\"https:\/\/linitiative.ca\/International\/wp-content\/uploads\/sites\/23\/2021\/06\/zoukhReguieg.jpg\" class=\"attachment-featured_large size-featured_large wp-post-image\" alt=\"\" style=\"margin-bottom: 15px;\" srcset=\"https:\/\/linitiative.ca\/International\/wp-content\/uploads\/sites\/23\/2021\/06\/zoukhReguieg.jpg 1764w, https:\/\/www.elwatan.com\/wp-content\/uploads\/2021\/06\/zoukhReguieg-300x167.jpg 300w, https:\/\/www.elwatan.com\/wp-content\/uploads\/2021\/06\/zoukhReguieg-768x428.jpg 768w, https:\/\/www.elwatan.com\/wp-content\/uploads\/2021\/06\/zoukhReguieg-1024x571.jpg 1024w, https:\/\/www.elwatan.com\/wp-content\/uploads\/2021\/06\/zoukhReguieg-1320x736.jpg 1320w\" sizes=\"auto, (max-width: 1764px) 100vw, 1764px\"><\/div>\n<p class=\"p1\"><span class=\"s2\"><b>Mokhtar Reguieg, ancien diplomate et directeur du protocole du Pr\u00e9sident d\u00e9chu, et l\u2019ex-wali d\u2019Alger, Abdelkader Zoukh, ont fait l\u2019objet d\u2019une nouvelle inculpation.\u00a0<\/b><\/span><span class=\"s2\"><b>Apr\u00e8s leur audition par le magistrat instructeur pr\u00e8s le p\u00f4le p\u00e9nal financier, dans le cadre de l\u2019affaire du financement de la campagne \u00e9lectorale du Pr\u00e9sident d\u00e9chu pour un 5<sup>e<\/sup> mandat, ils ont \u00e9t\u00e9 inculp\u00e9s d\u2019\u00abenrichissement illicite\u00bb.<\/b><\/span><\/p>\n<p class=\"p1\"><span class=\"s1\">L\u2019ancien diplomate et directeur du protocole du Pr\u00e9sident d\u00e9chu, Mokhtar Reguieg,\u00a0<\/span><span class=\"s1\">et l\u2019ex-wali d\u2019Alger, Abdelkader Zoukh, ont fait l\u2019objet, lundi, d\u2019une nouvelle inculpation. Apr\u00e8s leur audition par le magistrat instructeur pr\u00e8s le p\u00f4le p\u00e9nal financier, dans le cadre de l\u2019affaire du financement de la campagne \u00e9lectorale du Pr\u00e9sident d\u00e9chu pour un 5<sup>e<\/sup>\u00a0mandat, ils ont \u00e9t\u00e9 inculp\u00e9s d\u2019\u00abenrichissement illicite\u00bb.<\/span><\/p>\n<p class=\"p1\"><span class=\"s2\"><b>N<\/b><\/span><span class=\"s1\">ouveau rebondissement dans l\u2019affaire en instruction au niveau du p\u00f4le p\u00e9nal financier pr\u00e8s le tribunal de Sidi M\u2019hamed, \u00e0 Alger, et li\u00e9e au financement de la campagne \u00e9lectorale du Pr\u00e9sident d\u00e9chu pour un 5<sup>e<\/sup>\u00a0mandat (avort\u00e9). Les deux anciens hauts fonctionnaires de l\u2019Etat, l\u2019ex-wali d\u2019Alger Abdelkader Zoukh et l\u2019ex-directeur du protocole de Abdelaziz Bouteflika et son homme de confiance Mokhtar Reguieg, ont \u00e9t\u00e9 inculp\u00e9 d\u2019\u00abenrichissement illicite\u00bb.<\/span><\/p>\n<p class=\"p1\"><span class=\"s1\">Le premier purge depuis pr\u00e8s de 6 mois une condamnation de 4 ans de prison assortie d\u2019un mandat de d\u00e9p\u00f4t \u00e0 l\u2019audience, pour avoir octroy\u00e9 d\u2019\u00abindus privil\u00e8ges\u00bb \u00e0 l\u2019homme d\u2019affaires Mahieddine Tahkout.<\/span><\/p>\n<p class=\"p1\"><span class=\"s1\">Le second est en d\u00e9tention provisoire depuis 16 mois, dans le cadre d\u2019une affaire de corruption ayant \u00e9clabouss\u00e9 le minotier Hocine Metidji (en prison), PDG du groupe \u00e9ponyme, sp\u00e9cialis\u00e9 dans les produits c\u00e9r\u00e9aliers et les semouleries et ex-vice-pr\u00e9sident du Forum des chefs d\u2019entreprise (FCE) et dont le nom a \u00e9t\u00e9 cit\u00e9 par Ali Haddad, lors de son proc\u00e8s, comme \u00e9tant un des financiers de la campagne \u00e9lectorale pour le 5<sup>e<\/sup> mandat du Pr\u00e9sident d\u00e9chu, avant qu\u2019il ne soit plac\u00e9 en d\u00e9tention avec des membres de sa famille, l\u2019ancien PDG de l\u2019Office alg\u00e9rien interprofessionnel des c\u00e9r\u00e9ales (OAIC) et de nombreux autres fonctionnaires de l\u2019Etat pour \u00abfuite de capitaux vers l\u2019\u00e9tranger\u00bb, \u00abblanchiment d\u2019argent\u00bb, \u00abfinancement illicite de la campagne \u00e9lectorale\u00bb, \u00abcomplicit\u00e9 de dilapidation de deniers publics\u00bb, \u00abtrafic d\u2019influence sur des agents publics dans le but d\u2019obtenir d\u2019indus avantages\u00bb et \u00abviolation de la r\u00e9glementation des march\u00e9s publics\u00bb.<\/span><\/p>\n<p class=\"p1\"><span class=\"s1\">Consid\u00e9r\u00e9 comme \u00e9tant un des plus proches collaborateurs de l\u2019ex-Pr\u00e9sident et de son fr\u00e8re conseiller, Mokhtar Reguieg, ancien diplomate, avait \u00e9t\u00e9 rappel\u00e9 de son poste d\u2019ambassadeur \u00e0 Rome pour diriger le service du protocole \u00e0 la Pr\u00e9sidence durant pr\u00e8s de 15 ans.<\/span><\/p>\n<p class=\"p1\"><span class=\"s1\">Lui et Abdelkader Zoukh ont \u00e9t\u00e9 entendus, durant des heures, par le juge d\u2019instruction sur l\u2019origine d\u2019une longue liste de leurs biens (immobiliers, fonciers, mon\u00e9taires et voitures de luxe) en Alg\u00e9rie et \u00e0 l\u2019\u00e9tranger, avant d\u2019\u00eatre inculp\u00e9s pour \u00abenrichissement illicite\u00bb.<\/span><\/p>\n<p class=\"p1\"><span class=\"s1\">C\u2019est la premi\u00e8re fois qu\u2019une telle inculpation est dirig\u00e9e contre des fonctionnaires de l\u2019Etat, notamment depuis la cr\u00e9ation du p\u00f4le p\u00e9nal financier, auquel sont confi\u00e9es les affaires de corruption, de d\u00e9tournement et de transfert illicite de fonds, au centre desquelles se trouvent les hauts cadres de l\u2019Etat et les membres du gouvernement, qui b\u00e9n\u00e9ficiaient avant du privil\u00e8ge de juridiction et relevaient, de ce fait, de la Cour supr\u00eame.<\/span><\/p>\n<p class=\"p1\"><span class=\"s1\">Depuis 2018, cette inculpation a \u00e9t\u00e9 dirig\u00e9e contre de nombreux officiers sup\u00e9rieurs de l\u2019Anp, et les premiers qui ont ouvert cette liste, fin ao\u00fbt 2018, \u00e9taient les cinq g\u00e9n\u00e9raux-majors\u00a0: Menad Nouba, commandant de la Gendarmerie nationale, Abderrazak Cherif, chef de la 4<sup>e<\/sup> R\u00e9gion militaire, Habib Chentouf, chef de la 1<sup>re<\/sup>\u00a0R\u00e9gion militaire, Sa\u00efd Bey, chef de la 2<sup>e<\/sup>\u00a0R\u00e9gion militaire, et Boudjem\u00e2a Boudouaer, directeur des finances au minist\u00e8re de la D\u00e9fense.<\/span><\/p>\n<p class=\"p1\"><span class=\"s1\">A l\u2019exception de Chentouf, en fuite \u00e0 l\u2019\u00e9tranger, les quatre autres ont \u00e9t\u00e9 condamn\u00e9s \u00e0 de lourdes peines de r\u00e9clusion criminelle pour \u00ababus de fonction\u00bb, \u00abenrichissement illicite\u00bb et \u00abnon-respect des consignes militaires\u00bb.<\/span><\/p>\n<p class=\"p1\"><span class=\"s1\">De nombreux autres ont \u00e9t\u00e9 inculp\u00e9s pour les m\u00eames griefs et ont \u00e9cop\u00e9 des m\u00eames sanctions. Faudra-t-il s\u2019attendre \u00e0 des poursuites contre les hauts dirigeants qui se sont \u00e9rig\u00e9 des fortunes durant l\u2019exercice de leur fonction, aussi bien en Alg\u00e9rie qu\u2019\u00e0 l\u2019\u00e9tranger\u00a0?<\/span><\/p>\n<p>L\u2019article <a rel=\"nofollow\" href=\"https:\/\/www.elwatan.com\/edition\/actualite\/nouvelles-charges-contre-zoukh-et-reguieg-23-06-2021\">Nouvelles charges contre Zoukh et Reguieg<\/a> est apparu en premier sur <a rel=\"nofollow\" href=\"https:\/\/www.elwatan.com\/\">El Watan<\/a>.<\/p>\n<\/div>\n<p>Auteur: Anis Khecheba<br \/>\n<a href=\"https:\/\/www.elwatan.com\/edition\/actualite\/nouvelles-charges-contre-zoukh-et-reguieg-23-06-2021\">Cliquez ici pour lire l&rsquo;article depuis sa source.<\/a><\/p>\n","protected":false},"excerpt":{"rendered":"<p>Mokhtar Reguieg, ancien diplomate et directeur du protocole du Pr\u00e9sident d\u00e9chu, et l\u2019ex-wali d\u2019Alger, Abdelkader Zoukh, ont fait l\u2019objet d\u2019une nouvelle inculpation.\u00a0Apr\u00e8s leur audition par le magistrat instructeur pr\u00e8s le p\u00f4le p\u00e9nal financier, dans le cadre de l\u2019affaire du financement de la campagne \u00e9lectorale du Pr\u00e9sident d\u00e9chu pour un 5e mandat, ils ont \u00e9t\u00e9 inculp\u00e9s [&hellip;]<\/p>\n","protected":false},"author":1743,"featured_media":0,"comment_status":"closed","ping_status":"closed","sticky":false,"template":"","format":"standard","meta":{"fifu_image_url":"https:\/\/www.elwatan.com\/wp-content\/uploads\/2021\/06\/zoukhReguieg.jpg","fifu_image_alt":"Nouvelles charges contre Zoukh et Reguieg","footnotes":""},"categories":[73,53],"tags":[],"class_list":["post-119316","post","type-post","status-publish","format-standard","hentry","category-actualite","category-algerie"],"_links":{"self":[{"href":"https:\/\/linitiative.ca\/International\/wp-json\/wp\/v2\/posts\/119316","targetHints":{"allow":["GET"]}}],"collection":[{"href":"https:\/\/linitiative.ca\/International\/wp-json\/wp\/v2\/posts"}],"about":[{"href":"https:\/\/linitiative.ca\/International\/wp-json\/wp\/v2\/types\/post"}],"author":[{"embeddable":true,"href":"https:\/\/linitiative.ca\/International\/wp-json\/wp\/v2\/users\/1743"}],"replies":[{"embeddable":true,"href":"https:\/\/linitiative.ca\/International\/wp-json\/wp\/v2\/comments?post=119316"}],"version-history":[{"count":0,"href":"https:\/\/linitiative.ca\/International\/wp-json\/wp\/v2\/posts\/119316\/revisions"}],"wp:attachment":[{"href":"https:\/\/linitiative.ca\/International\/wp-json\/wp\/v2\/media?parent=119316"}],"wp:term":[{"taxonomy":"category","embeddable":true,"href":"https:\/\/linitiative.ca\/International\/wp-json\/wp\/v2\/categories?post=119316"},{"taxonomy":"post_tag","embeddable":true,"href":"https:\/\/linitiative.ca\/International\/wp-json\/wp\/v2\/tags?post=119316"}],"curies":[{"name":"wp","href":"https:\/\/api.w.org\/{rel}","templated":true}]}}