{"id":119328,"date":"2021-06-23T13:16:00","date_gmt":"2021-06-23T17:16:00","guid":{"rendered":"https:\/\/linitiative.ca\/International\/le-grand-menage-au-ministere-de-linterieur-apres-lentree-en-tunisie-dun-terrroriste-tunisien-sans-passeport\/"},"modified":"2021-06-23T13:16:00","modified_gmt":"2021-06-23T17:16:00","slug":"le-grand-menage-au-ministere-de-linterieur-apres-lentree-en-tunisie-dun-terrroriste-tunisien-sans-passeport","status":"publish","type":"post","link":"https:\/\/linitiative.ca\/International\/le-grand-menage-au-ministere-de-linterieur-apres-lentree-en-tunisie-dun-terrroriste-tunisien-sans-passeport\/","title":{"rendered":"Le grand m\u00e9nage au minist\u00e8re de l&rsquo;Int\u00e9rieur apr\u00e8s l&rsquo;entr\u00e9e en Tunisie d\u00a0\u00bbun terrroriste  tunisien sans passeport"},"content":{"rendered":"<div><img decoding=\"async\" src=\"https:\/\/linitiative.ca\/International\/wp-content\/uploads\/sites\/23\/2021\/06\/1624475160_article.jpg\" alt=\"Le grand m\u00e9nage au minist\u00e8re de l\" int apr l en tunisie d terrroriste tunisien sans passeport align=\"left\">Mosaique FM vient d&rsquo;apprendre que plusieurs nouvelles nominations\u00a0 dans plusieurs districts s\u00e9curitaires r\u00e9gionaux ainsi que dans plusieurs directions au sein du minist\u00e8re de l&rsquo;Int\u00e9rieur viennet d&rsquo;\u00eatre effectu\u00e9es.Il s&rsquo;agit de :<br \/>\n\u2022 Ilyes Ben Zine : nomm\u00e9 \u00e0 la t\u00eate du district de Nabeul<br \/>\n\u2022 Lotfi Bn Nasser : nomm\u00e9 \u00e0 la t\u00eate du district de Carthage<br \/>\n\u2022 Karem Gniza : nomm\u00e9 \u00e0 la t\u00eate du district de Ben Arous<br \/>\n\u2022 Sami Ayari : nomm\u00e9 \u00e0 la t\u00eate du districtde bizerte<br \/>\n\u2022 Mourad Ben Youssef : nomm\u00e9 \u00e0 la t\u00eate du district du Kef<\/p>\n<\/div>\n<p>Auteur:<br \/>\n<a href=\"https:\/\/www.leaders.com.tn\/article\/32072-le-grand-menage-au-ministere-de-l-interieur-apres-l-entree-en-tunisie-d-un-terrroriste-tunisien-sans-passeport\">Cliquez ici pour lire l&rsquo;article depuis sa source.<\/a><\/p>\n","protected":false},"excerpt":{"rendered":"<p>Mosaique FM vient d&rsquo;apprendre que plusieurs nouvelles nominations\u00a0 dans plusieurs districts s\u00e9curitaires r\u00e9gionaux ainsi que dans plusieurs directions au sein du minist\u00e8re de l&rsquo;Int\u00e9rieur viennet d&rsquo;\u00eatre effectu\u00e9es.Il s&rsquo;agit de : \u2022 Ilyes Ben Zine : nomm\u00e9 \u00e0 la t\u00eate du district de Nabeul \u2022 Lotfi Bn Nasser : nomm\u00e9 \u00e0 la t\u00eate du district de [&hellip;]<\/p>\n","protected":false},"author":1772,"featured_media":0,"comment_status":"closed","ping_status":"closed","sticky":false,"template":"","format":"standard","meta":{"fifu_image_url":"http:\/\/www.leaders.com.tn\/uploads\/content\/thumbnails_small\/1624475160_article.jpg","fifu_image_alt":"<div>Le grand m\u00e9nage au minist\u00e8re de l'Int\u00e9rieur apr\u00e8s l'entr\u00e9e en Tunisie d\"un terrroriste  tunisien sans passeport<\/div>","footnotes":""},"categories":[73,55],"tags":[],"class_list":["post-119328","post","type-post","status-publish","format-standard","hentry","category-actualite","category-tunisie"],"_links":{"self":[{"href":"https:\/\/linitiative.ca\/International\/wp-json\/wp\/v2\/posts\/119328","targetHints":{"allow":["GET"]}}],"collection":[{"href":"https:\/\/linitiative.ca\/International\/wp-json\/wp\/v2\/posts"}],"about":[{"href":"https:\/\/linitiative.ca\/International\/wp-json\/wp\/v2\/types\/post"}],"author":[{"embeddable":true,"href":"https:\/\/linitiative.ca\/International\/wp-json\/wp\/v2\/users\/1772"}],"replies":[{"embeddable":true,"href":"https:\/\/linitiative.ca\/International\/wp-json\/wp\/v2\/comments?post=119328"}],"version-history":[{"count":0,"href":"https:\/\/linitiative.ca\/International\/wp-json\/wp\/v2\/posts\/119328\/revisions"}],"wp:attachment":[{"href":"https:\/\/linitiative.ca\/International\/wp-json\/wp\/v2\/media?parent=119328"}],"wp:term":[{"taxonomy":"category","embeddable":true,"href":"https:\/\/linitiative.ca\/International\/wp-json\/wp\/v2\/categories?post=119328"},{"taxonomy":"post_tag","embeddable":true,"href":"https:\/\/linitiative.ca\/International\/wp-json\/wp\/v2\/tags?post=119328"}],"curies":[{"name":"wp","href":"https:\/\/api.w.org\/{rel}","templated":true}]}}