{"id":119331,"date":"2021-06-23T06:00:00","date_gmt":"2021-06-23T10:00:00","guid":{"rendered":"https:\/\/linitiative.ca\/International\/quand-la-faf-zappe-la-jsk\/"},"modified":"2021-06-23T06:00:00","modified_gmt":"2021-06-23T10:00:00","slug":"quand-la-faf-zappe-la-jsk","status":"publish","type":"post","link":"https:\/\/linitiative.ca\/International\/quand-la-faf-zappe-la-jsk\/","title":{"rendered":"Quand la FAF zappe la JSK !"},"content":{"rendered":"<div>Contrairement au minist\u00e8re de la Jeunesse et des Sports (MJS), et la Ligue de football professionnel (LFP), qui ont salu\u00e9 et f\u00e9licit\u00e9 la JS Kabylie pour sa bonne performance en match aller de la demi-finale de la Coupe<\/div>\n<p>Auteur:<br \/>\n<a href=\"https:\/\/www.lesoirdalgerie.com\/periscoop\/quand-la-faf-zappe-la-jsk-63240\">Cliquez ici pour lire l&rsquo;article depuis sa source.<\/a><\/p>\n","protected":false},"excerpt":{"rendered":"<p>Contrairement au minist\u00e8re de la Jeunesse et des Sports (MJS), et la Ligue de football professionnel (LFP), qui ont salu\u00e9 et f\u00e9licit\u00e9 la JS Kabylie pour sa bonne performance en match aller de la demi-finale de la Coupe Auteur: Cliquez ici pour lire l&rsquo;article depuis sa source.<\/p>\n","protected":false},"author":1741,"featured_media":0,"comment_status":"closed","ping_status":"closed","sticky":false,"template":"","format":"standard","meta":{"fifu_image_url":"","fifu_image_alt":"","footnotes":""},"categories":[73,53],"tags":[],"class_list":["post-119331","post","type-post","status-publish","format-standard","hentry","category-actualite","category-algerie"],"_links":{"self":[{"href":"https:\/\/linitiative.ca\/International\/wp-json\/wp\/v2\/posts\/119331","targetHints":{"allow":["GET"]}}],"collection":[{"href":"https:\/\/linitiative.ca\/International\/wp-json\/wp\/v2\/posts"}],"about":[{"href":"https:\/\/linitiative.ca\/International\/wp-json\/wp\/v2\/types\/post"}],"author":[{"embeddable":true,"href":"https:\/\/linitiative.ca\/International\/wp-json\/wp\/v2\/users\/1741"}],"replies":[{"embeddable":true,"href":"https:\/\/linitiative.ca\/International\/wp-json\/wp\/v2\/comments?post=119331"}],"version-history":[{"count":0,"href":"https:\/\/linitiative.ca\/International\/wp-json\/wp\/v2\/posts\/119331\/revisions"}],"wp:attachment":[{"href":"https:\/\/linitiative.ca\/International\/wp-json\/wp\/v2\/media?parent=119331"}],"wp:term":[{"taxonomy":"category","embeddable":true,"href":"https:\/\/linitiative.ca\/International\/wp-json\/wp\/v2\/categories?post=119331"},{"taxonomy":"post_tag","embeddable":true,"href":"https:\/\/linitiative.ca\/International\/wp-json\/wp\/v2\/tags?post=119331"}],"curies":[{"name":"wp","href":"https:\/\/api.w.org\/{rel}","templated":true}]}}