{"id":119332,"date":"2021-06-23T06:00:00","date_gmt":"2021-06-23T10:00:00","guid":{"rendered":"https:\/\/linitiative.ca\/International\/procedure-acceleree-pour-bedoui\/"},"modified":"2021-06-23T06:00:00","modified_gmt":"2021-06-23T10:00:00","slug":"procedure-acceleree-pour-bedoui","status":"publish","type":"post","link":"https:\/\/linitiative.ca\/International\/procedure-acceleree-pour-bedoui\/","title":{"rendered":"Proc\u00e9dure acc\u00e9l\u00e9r\u00e9e pour Bedoui"},"content":{"rendered":"<div>L\u2019ex-Premier ministre Noureddine Bedoui, impliqu\u00e9 dans des affaires li\u00e9es \u00e0 la corruption et au trafic du foncier, du temps o\u00f9 il \u00e9tait wali \u00e0 Constantine, vient d\u2019\u00eatre entendu pour la derni\u00e8re fois par les<\/div>\n<p>Auteur:<br \/>\n<a href=\"https:\/\/www.lesoirdalgerie.com\/periscoop\/procedure-acceleree-pour-bedoui-63239\">Cliquez ici pour lire l&rsquo;article depuis sa source.<\/a><\/p>\n","protected":false},"excerpt":{"rendered":"<p>L\u2019ex-Premier ministre Noureddine Bedoui, impliqu\u00e9 dans des affaires li\u00e9es \u00e0 la corruption et au trafic du foncier, du temps o\u00f9 il \u00e9tait wali \u00e0 Constantine, vient d\u2019\u00eatre entendu pour la derni\u00e8re fois par les Auteur: Cliquez ici pour lire l&rsquo;article depuis sa source.<\/p>\n","protected":false},"author":1741,"featured_media":0,"comment_status":"closed","ping_status":"closed","sticky":false,"template":"","format":"standard","meta":{"fifu_image_url":"","fifu_image_alt":"","footnotes":""},"categories":[73,53],"tags":[],"class_list":["post-119332","post","type-post","status-publish","format-standard","hentry","category-actualite","category-algerie"],"_links":{"self":[{"href":"https:\/\/linitiative.ca\/International\/wp-json\/wp\/v2\/posts\/119332","targetHints":{"allow":["GET"]}}],"collection":[{"href":"https:\/\/linitiative.ca\/International\/wp-json\/wp\/v2\/posts"}],"about":[{"href":"https:\/\/linitiative.ca\/International\/wp-json\/wp\/v2\/types\/post"}],"author":[{"embeddable":true,"href":"https:\/\/linitiative.ca\/International\/wp-json\/wp\/v2\/users\/1741"}],"replies":[{"embeddable":true,"href":"https:\/\/linitiative.ca\/International\/wp-json\/wp\/v2\/comments?post=119332"}],"version-history":[{"count":0,"href":"https:\/\/linitiative.ca\/International\/wp-json\/wp\/v2\/posts\/119332\/revisions"}],"wp:attachment":[{"href":"https:\/\/linitiative.ca\/International\/wp-json\/wp\/v2\/media?parent=119332"}],"wp:term":[{"taxonomy":"category","embeddable":true,"href":"https:\/\/linitiative.ca\/International\/wp-json\/wp\/v2\/categories?post=119332"},{"taxonomy":"post_tag","embeddable":true,"href":"https:\/\/linitiative.ca\/International\/wp-json\/wp\/v2\/tags?post=119332"}],"curies":[{"name":"wp","href":"https:\/\/api.w.org\/{rel}","templated":true}]}}