{"id":119335,"date":"2021-06-23T10:45:43","date_gmt":"2021-06-23T14:45:43","guid":{"rendered":"https:\/\/linitiative.ca\/International\/maroc-les-listes-a-et-b-mises-a-jour-au-moins-deux-fois-par-mois\/"},"modified":"2021-06-23T10:45:43","modified_gmt":"2021-06-23T14:45:43","slug":"maroc-les-listes-a-et-b-mises-a-jour-au-moins-deux-fois-par-mois","status":"publish","type":"post","link":"https:\/\/linitiative.ca\/International\/maroc-les-listes-a-et-b-mises-a-jour-au-moins-deux-fois-par-mois\/","title":{"rendered":"Maroc. Les listes A et B mises \u00e0 jour au moins deux fois par mois"},"content":{"rendered":"<div><img decoding=\"async\" width=\"764\" height=\"510\" src=\"https:\/\/linitiative.ca\/International\/wp-content\/uploads\/sites\/23\/2021\/06\/Coronavirus-147.jpg\" class=\"attachment-post-thumbnail size-post-thumbnail wp-post-image\" alt=\"\" loading=\"lazy\" srcset=\"https:\/\/linitiative.ca\/International\/wp-content\/uploads\/sites\/23\/2021\/06\/Coronavirus-147.jpg 764w, https:\/\/www.challenge.ma\/wp-content\/uploads\/2021\/06\/Coronavirus-147-300x200.jpg 300w, https:\/\/www.challenge.ma\/wp-content\/uploads\/2021\/06\/Coronavirus-147-360x240.jpg 360w, https:\/\/www.challenge.ma\/wp-content\/uploads\/2021\/06\/Coronavirus-147-750x501.jpg 750w\" sizes=\"auto, (max-width: 764px) 100vw, 764px\" itemprop=\"image\">Sur son compte Twitter, le Chef du gouvernement a donn\u00e9 plus de d\u00e9tails concernant la mise \u00e0 jour de la classification des pays en deux listes, A et B. Cette mise \u00e0 jour se fera de mani\u00e8re r\u00e9guli\u00e8re au moins deux fois par mois et chaque fois que cela sera<\/div>\n<p>Auteur: challenge<br \/>\n<a href=\"https:\/\/www.challenge.ma\/maroc-les-listes-a-et-b-mises-a-jour-au-moins-deux-fois-par-mois-189666\/\">Cliquez ici pour lire l&rsquo;article depuis sa source.<\/a><\/p>\n","protected":false},"excerpt":{"rendered":"<p>Sur son compte Twitter, le Chef du gouvernement a donn\u00e9 plus de d\u00e9tails concernant la mise \u00e0 jour de la classification des pays en deux listes, A et B. Cette mise \u00e0 jour se fera de mani\u00e8re r\u00e9guli\u00e8re au moins deux fois par mois et chaque fois que cela sera Auteur: challenge Cliquez ici pour [&hellip;]<\/p>\n","protected":false},"author":1787,"featured_media":0,"comment_status":"closed","ping_status":"closed","sticky":false,"template":"","format":"standard","meta":{"fifu_image_url":"https:\/\/www.challenge.ma\/wp-content\/uploads\/2021\/06\/Coronavirus-147.jpg","fifu_image_alt":"Maroc. Les listes A et B mises \u00e0 jour au moins deux fois par mois","footnotes":""},"categories":[78,54],"tags":[],"class_list":["post-119335","post","type-post","status-publish","format-standard","hentry","category-economie","category-maroc"],"_links":{"self":[{"href":"https:\/\/linitiative.ca\/International\/wp-json\/wp\/v2\/posts\/119335","targetHints":{"allow":["GET"]}}],"collection":[{"href":"https:\/\/linitiative.ca\/International\/wp-json\/wp\/v2\/posts"}],"about":[{"href":"https:\/\/linitiative.ca\/International\/wp-json\/wp\/v2\/types\/post"}],"author":[{"embeddable":true,"href":"https:\/\/linitiative.ca\/International\/wp-json\/wp\/v2\/users\/1787"}],"replies":[{"embeddable":true,"href":"https:\/\/linitiative.ca\/International\/wp-json\/wp\/v2\/comments?post=119335"}],"version-history":[{"count":0,"href":"https:\/\/linitiative.ca\/International\/wp-json\/wp\/v2\/posts\/119335\/revisions"}],"wp:attachment":[{"href":"https:\/\/linitiative.ca\/International\/wp-json\/wp\/v2\/media?parent=119335"}],"wp:term":[{"taxonomy":"category","embeddable":true,"href":"https:\/\/linitiative.ca\/International\/wp-json\/wp\/v2\/categories?post=119335"},{"taxonomy":"post_tag","embeddable":true,"href":"https:\/\/linitiative.ca\/International\/wp-json\/wp\/v2\/tags?post=119335"}],"curies":[{"name":"wp","href":"https:\/\/api.w.org\/{rel}","templated":true}]}}