{"id":119341,"date":"2021-06-23T12:38:01","date_gmt":"2021-06-23T16:38:01","guid":{"rendered":"https:\/\/linitiative.ca\/International\/politique-le-nomadisme-nest-que-la-consequence-de-la-crise\/"},"modified":"2021-06-23T12:38:01","modified_gmt":"2021-06-23T16:38:01","slug":"politique-le-nomadisme-nest-que-la-consequence-de-la-crise","status":"publish","type":"post","link":"https:\/\/linitiative.ca\/International\/politique-le-nomadisme-nest-que-la-consequence-de-la-crise\/","title":{"rendered":"Politique. Le nomadisme n\u2019est que la cons\u00e9quence de la crise"},"content":{"rendered":"<div><img decoding=\"async\" width=\"588\" height=\"330\" src=\"https:\/\/linitiative.ca\/International\/wp-content\/uploads\/sites\/23\/2021\/06\/maroc-majorite.jpeg\" class=\"attachment-post-thumbnail size-post-thumbnail wp-post-image\" alt=\"\" loading=\"lazy\" srcset=\"https:\/\/linitiative.ca\/International\/wp-content\/uploads\/sites\/23\/2021\/06\/maroc-majorite.jpeg 588w, https:\/\/www.challenge.ma\/wp-content\/uploads\/2021\/06\/maroc-majorite-300x168.jpeg 300w, https:\/\/www.challenge.ma\/wp-content\/uploads\/2021\/06\/maroc-majorite-360x202.jpeg 360w\" sizes=\"auto, (max-width: 588px) 100vw, 588px\" itemprop=\"image\">Le Mercato politique, \u00e9lectoral est tr\u00e8s anim\u00e9. Cette fois, m\u00eame le PJD est atteint, il perd certains de ses \u00e9lus au profit des concurrents. Ce ph\u00e9nom\u00e8ne n\u2019est pas la cause de la crise politique, il en est la cons\u00e9quence. Tout d\u2019abord, il ne faut pas mettre tous les transfuges dans<\/div>\n<p>Auteur: Jamal Berraoui<br \/>\n<a href=\"https:\/\/www.challenge.ma\/le-nomadisme-nest-que-la-consequence-de-la-crise-189710\/\">Cliquez ici pour lire l&rsquo;article depuis sa source.<\/a><\/p>\n","protected":false},"excerpt":{"rendered":"<p>Le Mercato politique, \u00e9lectoral est tr\u00e8s anim\u00e9. Cette fois, m\u00eame le PJD est atteint, il perd certains de ses \u00e9lus au profit des concurrents. Ce ph\u00e9nom\u00e8ne n\u2019est pas la cause de la crise politique, il en est la cons\u00e9quence. Tout d\u2019abord, il ne faut pas mettre tous les transfuges dans Auteur: Jamal Berraoui Cliquez ici [&hellip;]<\/p>\n","protected":false},"author":1787,"featured_media":0,"comment_status":"closed","ping_status":"closed","sticky":false,"template":"","format":"standard","meta":{"fifu_image_url":"https:\/\/www.challenge.ma\/wp-content\/uploads\/2021\/06\/maroc-majorite.jpeg","fifu_image_alt":"Politique. Le nomadisme n\u2019est que la cons\u00e9quence de la crise","footnotes":""},"categories":[78,54],"tags":[],"class_list":["post-119341","post","type-post","status-publish","format-standard","hentry","category-economie","category-maroc"],"_links":{"self":[{"href":"https:\/\/linitiative.ca\/International\/wp-json\/wp\/v2\/posts\/119341","targetHints":{"allow":["GET"]}}],"collection":[{"href":"https:\/\/linitiative.ca\/International\/wp-json\/wp\/v2\/posts"}],"about":[{"href":"https:\/\/linitiative.ca\/International\/wp-json\/wp\/v2\/types\/post"}],"author":[{"embeddable":true,"href":"https:\/\/linitiative.ca\/International\/wp-json\/wp\/v2\/users\/1787"}],"replies":[{"embeddable":true,"href":"https:\/\/linitiative.ca\/International\/wp-json\/wp\/v2\/comments?post=119341"}],"version-history":[{"count":0,"href":"https:\/\/linitiative.ca\/International\/wp-json\/wp\/v2\/posts\/119341\/revisions"}],"wp:attachment":[{"href":"https:\/\/linitiative.ca\/International\/wp-json\/wp\/v2\/media?parent=119341"}],"wp:term":[{"taxonomy":"category","embeddable":true,"href":"https:\/\/linitiative.ca\/International\/wp-json\/wp\/v2\/categories?post=119341"},{"taxonomy":"post_tag","embeddable":true,"href":"https:\/\/linitiative.ca\/International\/wp-json\/wp\/v2\/tags?post=119341"}],"curies":[{"name":"wp","href":"https:\/\/api.w.org\/{rel}","templated":true}]}}