{"id":119343,"date":"2021-06-23T17:06:06","date_gmt":"2021-06-23T21:06:06","guid":{"rendered":"https:\/\/linitiative.ca\/International\/la-cgem-elue-membre-du-conseil-dadministration-de-lorganisation-internationale-du-travail\/"},"modified":"2021-06-23T17:06:06","modified_gmt":"2021-06-23T21:06:06","slug":"la-cgem-elue-membre-du-conseil-dadministration-de-lorganisation-internationale-du-travail","status":"publish","type":"post","link":"https:\/\/linitiative.ca\/International\/la-cgem-elue-membre-du-conseil-dadministration-de-lorganisation-internationale-du-travail\/","title":{"rendered":"La CGEM \u00e9lue membre du Conseil d\u2019administration de l\u2019Organisation Internationale du Travail"},"content":{"rendered":"<div><img decoding=\"async\" width=\"645\" height=\"699\" src=\"https:\/\/linitiative.ca\/International\/wp-content\/uploads\/sites\/23\/2021\/06\/M.-Hicham-ZOUANAT-3.jpg\" class=\"attachment-post-thumbnail size-post-thumbnail wp-post-image\" alt=\"\" loading=\"lazy\" srcset=\"https:\/\/linitiative.ca\/International\/wp-content\/uploads\/sites\/23\/2021\/06\/M.-Hicham-ZOUANAT-3.jpg 645w, https:\/\/www.challenge.ma\/wp-content\/uploads\/2021\/06\/M.-Hicham-ZOUANAT-3-277x300.jpg 277w, https:\/\/www.challenge.ma\/wp-content\/uploads\/2021\/06\/M.-Hicham-ZOUANAT-3-360x390.jpg 360w\" sizes=\"auto, (max-width: 645px) 100vw, 645px\" itemprop=\"image\">La Conf\u00e9d\u00e9ration g\u00e9n\u00e9rale des entreprises du Maroc (CGEM), repr\u00e9sent\u00e9e par Hicham Zouanat, pr\u00e9sident de sa commission sociale, a \u00e9t\u00e9 \u00e9lue membre du Conseil d\u2019administration de l\u2019Organisation Internationale du Travail (OIT). La CGEM a \u00e9t\u00e9 r\u00e9cemment \u00e9lue\u00a0membre\u00a0du Conseil d\u2019administration de l\u2019Organisation Internationale du Travail.\u00a0Notons que les suffrages exprim\u00e9s par les d\u00e9l\u00e9gu\u00e9s<\/div>\n<p>Auteur: challenge<br \/>\n<a href=\"https:\/\/www.challenge.ma\/la-cgem-elue-membre-du-conseil-dadministration-de-lorganisation-internationale-du-travail-189749\/\">Cliquez ici pour lire l&rsquo;article depuis sa source.<\/a><\/p>\n","protected":false},"excerpt":{"rendered":"<p>La Conf\u00e9d\u00e9ration g\u00e9n\u00e9rale des entreprises du Maroc (CGEM), repr\u00e9sent\u00e9e par Hicham Zouanat, pr\u00e9sident de sa commission sociale, a \u00e9t\u00e9 \u00e9lue membre du Conseil d\u2019administration de l\u2019Organisation Internationale du Travail (OIT). La CGEM a \u00e9t\u00e9 r\u00e9cemment \u00e9lue\u00a0membre\u00a0du Conseil d\u2019administration de l\u2019Organisation Internationale du Travail.\u00a0Notons que les suffrages exprim\u00e9s par les d\u00e9l\u00e9gu\u00e9s Auteur: challenge Cliquez ici pour [&hellip;]<\/p>\n","protected":false},"author":1787,"featured_media":0,"comment_status":"closed","ping_status":"closed","sticky":false,"template":"","format":"standard","meta":{"fifu_image_url":"https:\/\/www.challenge.ma\/wp-content\/uploads\/2021\/06\/M.-Hicham-ZOUANAT-3.jpg","fifu_image_alt":"La CGEM \u00e9lue membre du Conseil d\u2019administration de l\u2019Organisation Internationale du Travail","footnotes":""},"categories":[78,54],"tags":[],"class_list":["post-119343","post","type-post","status-publish","format-standard","hentry","category-economie","category-maroc"],"_links":{"self":[{"href":"https:\/\/linitiative.ca\/International\/wp-json\/wp\/v2\/posts\/119343","targetHints":{"allow":["GET"]}}],"collection":[{"href":"https:\/\/linitiative.ca\/International\/wp-json\/wp\/v2\/posts"}],"about":[{"href":"https:\/\/linitiative.ca\/International\/wp-json\/wp\/v2\/types\/post"}],"author":[{"embeddable":true,"href":"https:\/\/linitiative.ca\/International\/wp-json\/wp\/v2\/users\/1787"}],"replies":[{"embeddable":true,"href":"https:\/\/linitiative.ca\/International\/wp-json\/wp\/v2\/comments?post=119343"}],"version-history":[{"count":0,"href":"https:\/\/linitiative.ca\/International\/wp-json\/wp\/v2\/posts\/119343\/revisions"}],"wp:attachment":[{"href":"https:\/\/linitiative.ca\/International\/wp-json\/wp\/v2\/media?parent=119343"}],"wp:term":[{"taxonomy":"category","embeddable":true,"href":"https:\/\/linitiative.ca\/International\/wp-json\/wp\/v2\/categories?post=119343"},{"taxonomy":"post_tag","embeddable":true,"href":"https:\/\/linitiative.ca\/International\/wp-json\/wp\/v2\/tags?post=119343"}],"curies":[{"name":"wp","href":"https:\/\/api.w.org\/{rel}","templated":true}]}}