{"id":119345,"date":"2021-06-23T15:59:51","date_gmt":"2021-06-23T19:59:51","guid":{"rendered":"https:\/\/linitiative.ca\/International\/desertee-par-les-investisseurs-la-bourse-de-tunis-termine-la-journee-du-mauvais-pied\/"},"modified":"2021-06-23T15:59:51","modified_gmt":"2021-06-23T19:59:51","slug":"desertee-par-les-investisseurs-la-bourse-de-tunis-termine-la-journee-du-mauvais-pied","status":"publish","type":"post","link":"https:\/\/linitiative.ca\/International\/desertee-par-les-investisseurs-la-bourse-de-tunis-termine-la-journee-du-mauvais-pied\/","title":{"rendered":"D\u00e9sert\u00e9e par les investisseurs, la bourse de Tunis termine la journ\u00e9e du mauvais pied"},"content":{"rendered":"<div>\n<p>Comportement du march\u00e9 L\u2019indice de r\u00e9f\u00e9rence du march\u00e9 boursier a cl\u00f4tur\u00e9 la s\u00e9ance d\u2019aujourd\u2019hui mercredi 23 juin 2021 du mauvais pied \u00e0 l\u2019instar de la veille et de la plupart de celles des semaines pr\u00e9c\u00e9dentes, tout en baissant \u00e0 7360,63 points apr\u00e8s avoir connu une r\u00e9gression de 0,17%. Tunindex ram\u00e8ne ainsi sa performance annuelle \u00e0 [\u2026]<\/p>\n<p>L\u2019article <a href=\"https:\/\/www.tunisienumerique.com\/desertee-par-les-investisseurs-la-bourse-de-tunis-termine-la-journee-du-mauvais-pied\/\">D\u00e9sert\u00e9e par les investisseurs, la bourse de Tunis termine la journ\u00e9e du mauvais pied<\/a> est apparu en premier sur <a href=\"https:\/\/www.tunisienumerique.com\/\">Tunisie<\/a>.<\/p>\n<\/div>\n<p>Auteur: Mohamed Ben Abderrazek<br \/>\n<a href=\"https:\/\/www.tunisienumerique.com\/desertee-par-les-investisseurs-la-bourse-de-tunis-termine-la-journee-du-mauvais-pied\/\">Cliquez ici pour lire l&rsquo;article depuis sa source.<\/a><\/p>\n","protected":false},"excerpt":{"rendered":"<p>Comportement du march\u00e9 L\u2019indice de r\u00e9f\u00e9rence du march\u00e9 boursier a cl\u00f4tur\u00e9 la s\u00e9ance d\u2019aujourd\u2019hui mercredi 23 juin 2021 du mauvais pied \u00e0 l\u2019instar de la veille et de la plupart de celles des semaines pr\u00e9c\u00e9dentes, tout en baissant \u00e0 7360,63 points apr\u00e8s avoir connu une r\u00e9gression de 0,17%. Tunindex ram\u00e8ne ainsi sa performance annuelle \u00e0 [&hellip;]<\/p>\n","protected":false},"author":1789,"featured_media":0,"comment_status":"closed","ping_status":"closed","sticky":false,"template":"","format":"standard","meta":{"fifu_image_url":"","fifu_image_alt":"","footnotes":""},"categories":[73,55],"tags":[],"class_list":["post-119345","post","type-post","status-publish","format-standard","hentry","category-actualite","category-tunisie"],"_links":{"self":[{"href":"https:\/\/linitiative.ca\/International\/wp-json\/wp\/v2\/posts\/119345","targetHints":{"allow":["GET"]}}],"collection":[{"href":"https:\/\/linitiative.ca\/International\/wp-json\/wp\/v2\/posts"}],"about":[{"href":"https:\/\/linitiative.ca\/International\/wp-json\/wp\/v2\/types\/post"}],"author":[{"embeddable":true,"href":"https:\/\/linitiative.ca\/International\/wp-json\/wp\/v2\/users\/1789"}],"replies":[{"embeddable":true,"href":"https:\/\/linitiative.ca\/International\/wp-json\/wp\/v2\/comments?post=119345"}],"version-history":[{"count":0,"href":"https:\/\/linitiative.ca\/International\/wp-json\/wp\/v2\/posts\/119345\/revisions"}],"wp:attachment":[{"href":"https:\/\/linitiative.ca\/International\/wp-json\/wp\/v2\/media?parent=119345"}],"wp:term":[{"taxonomy":"category","embeddable":true,"href":"https:\/\/linitiative.ca\/International\/wp-json\/wp\/v2\/categories?post=119345"},{"taxonomy":"post_tag","embeddable":true,"href":"https:\/\/linitiative.ca\/International\/wp-json\/wp\/v2\/tags?post=119345"}],"curies":[{"name":"wp","href":"https:\/\/api.w.org\/{rel}","templated":true}]}}