{"id":119349,"date":"2021-06-23T17:16:58","date_gmt":"2021-06-23T21:16:58","guid":{"rendered":"https:\/\/linitiative.ca\/International\/tunisie-gafsa-demantelement-dune-cellule-terroriste-qui-appelait-a-tuer-et-bruler-les-securitaires\/"},"modified":"2021-06-23T17:16:58","modified_gmt":"2021-06-23T21:16:58","slug":"tunisie-gafsa-demantelement-dune-cellule-terroriste-qui-appelait-a-tuer-et-bruler-les-securitaires","status":"publish","type":"post","link":"https:\/\/linitiative.ca\/International\/tunisie-gafsa-demantelement-dune-cellule-terroriste-qui-appelait-a-tuer-et-bruler-les-securitaires\/","title":{"rendered":"Tunisie \u2013 Gafsa\u00a0: D\u00e9mant\u00e8lement d\u2019une cellule terroriste qui appelait \u00e0 tuer et br\u00fbler les s\u00e9curitaires"},"content":{"rendered":"<div>\n<p>Les agents de la pr\u00e9vention du terrorisme du district de la garde nationale de Gafsa, \u00e9paul\u00e9s par ceux de la brigade des investigations du district de M\u00e9tlaoui, ont r\u00e9ussi \u00e0 d\u00e9masquer et appr\u00e9hender les membres d\u2019une cellule terroriste qui pr\u00f4naient, \u00e0 travers les r\u00e9seaux sociaux, l\u2019assassinat et l\u2019immolation des s\u00e9curitaires. Le parquet ordonna leur mise [\u2026]<\/p>\n<p>L\u2019article <a href=\"https:\/\/www.tunisienumerique.com\/tunisie-gafsa-demantelement-dune-cellule-terroriste-qui-appelait-a-tuer-et-bruler-les-securitaires\/\">Tunisie \u2013 Gafsa\u00a0: D\u00e9mant\u00e8lement d\u2019une cellule terroriste qui appelait \u00e0 tuer et br\u00fbler les s\u00e9curitaires<\/a> est apparu en premier sur <a href=\"https:\/\/www.tunisienumerique.com\/\">Tunisie<\/a>.<\/p>\n<\/div>\n<p>Auteur: LM<br \/>\n<a href=\"https:\/\/www.tunisienumerique.com\/tunisie-gafsa-demantelement-dune-cellule-terroriste-qui-appelait-a-tuer-et-bruler-les-securitaires\/\">Cliquez ici pour lire l&rsquo;article depuis sa source.<\/a><\/p>\n","protected":false},"excerpt":{"rendered":"<p>Les agents de la pr\u00e9vention du terrorisme du district de la garde nationale de Gafsa, \u00e9paul\u00e9s par ceux de la brigade des investigations du district de M\u00e9tlaoui, ont r\u00e9ussi \u00e0 d\u00e9masquer et appr\u00e9hender les membres d\u2019une cellule terroriste qui pr\u00f4naient, \u00e0 travers les r\u00e9seaux sociaux, l\u2019assassinat et l\u2019immolation des s\u00e9curitaires. Le parquet ordonna leur mise [&hellip;]<\/p>\n","protected":false},"author":1789,"featured_media":0,"comment_status":"closed","ping_status":"closed","sticky":false,"template":"","format":"standard","meta":{"fifu_image_url":"","fifu_image_alt":"","footnotes":""},"categories":[73,55],"tags":[],"class_list":["post-119349","post","type-post","status-publish","format-standard","hentry","category-actualite","category-tunisie"],"_links":{"self":[{"href":"https:\/\/linitiative.ca\/International\/wp-json\/wp\/v2\/posts\/119349","targetHints":{"allow":["GET"]}}],"collection":[{"href":"https:\/\/linitiative.ca\/International\/wp-json\/wp\/v2\/posts"}],"about":[{"href":"https:\/\/linitiative.ca\/International\/wp-json\/wp\/v2\/types\/post"}],"author":[{"embeddable":true,"href":"https:\/\/linitiative.ca\/International\/wp-json\/wp\/v2\/users\/1789"}],"replies":[{"embeddable":true,"href":"https:\/\/linitiative.ca\/International\/wp-json\/wp\/v2\/comments?post=119349"}],"version-history":[{"count":0,"href":"https:\/\/linitiative.ca\/International\/wp-json\/wp\/v2\/posts\/119349\/revisions"}],"wp:attachment":[{"href":"https:\/\/linitiative.ca\/International\/wp-json\/wp\/v2\/media?parent=119349"}],"wp:term":[{"taxonomy":"category","embeddable":true,"href":"https:\/\/linitiative.ca\/International\/wp-json\/wp\/v2\/categories?post=119349"},{"taxonomy":"post_tag","embeddable":true,"href":"https:\/\/linitiative.ca\/International\/wp-json\/wp\/v2\/tags?post=119349"}],"curies":[{"name":"wp","href":"https:\/\/api.w.org\/{rel}","templated":true}]}}