{"id":119352,"date":"2021-06-23T16:11:49","date_gmt":"2021-06-23T20:11:49","guid":{"rendered":"https:\/\/linitiative.ca\/International\/divorce-en-cours-du-couple-gbagbo\/"},"modified":"2021-06-23T16:11:49","modified_gmt":"2021-06-23T20:11:49","slug":"divorce-en-cours-du-couple-gbagbo","status":"publish","type":"post","link":"https:\/\/linitiative.ca\/International\/divorce-en-cours-du-couple-gbagbo\/","title":{"rendered":"DIVORCE EN COURS DU COUPLE GBAGBO"},"content":{"rendered":"<div>\n<p><img decoding=\"async\" width=\"511\" height=\"358\" src=\"https:\/\/linitiative.ca\/International\/wp-content\/uploads\/sites\/23\/2021\/06\/LG-SIMONE-2.jpg\" class=\"attachment- size- wp-post-image\" alt=\"\" loading=\"lazy\" style=\"float:left; margin:0 15px 15px 0;\" srcset=\"https:\/\/linitiative.ca\/International\/wp-content\/uploads\/sites\/23\/2021\/06\/LG-SIMONE-2.jpg 511w, https:\/\/lepays.bf\/wp-content\/uploads\/2021\/06\/LG-SIMONE-2-300x210.jpg 300w\" sizes=\"auto, (max-width: 511px) 100vw, 511px\">Apr\u00e8s dix ans de purgatoire \u00e0 la Cour p\u00e9nale internationale (CPI) o\u00f9 il a \u00e9t\u00e9 transf\u00e9r\u00e9 dans les conditions que l\u2019on sait, on se doutait bien qu\u2019en rentrant en C\u00f4te d\u2019Ivoire apr\u00e8s son acquittement, Laurent Gbagbo aurait des comptes \u00e0 r\u00e9gler. Mais les Ivoiriens \u00e9taient loin d\u2019imaginer que la premi\u00e8re salve serait pour son \u00e9pouse \u2026<\/p>\n<p>L\u2019article <a rel=\"nofollow\" href=\"https:\/\/lepays.bf\/divorce-en-cours-du-couple-gbagbo-2\/\">DIVORCE EN COURS DU COUPLE GBAGBO<\/a> est apparu en premier sur <a rel=\"nofollow\" href=\"https:\/\/lepays.bf\/\">Editions Le Pays<\/a>.<\/p>\n<\/div>\n<p>Auteur: Editions LEPAYS<br \/>\n<a href=\"https:\/\/lepays.bf\/divorce-en-cours-du-couple-gbagbo-2\/\">Cliquez ici pour lire l&rsquo;article depuis sa source.<\/a><\/p>\n","protected":false},"excerpt":{"rendered":"<p>Apr\u00e8s dix ans de purgatoire \u00e0 la Cour p\u00e9nale internationale (CPI) o\u00f9 il a \u00e9t\u00e9 transf\u00e9r\u00e9 dans les conditions que l\u2019on sait, on se doutait bien qu\u2019en rentrant en C\u00f4te d\u2019Ivoire apr\u00e8s son acquittement, Laurent Gbagbo aurait des comptes \u00e0 r\u00e9gler. Mais les Ivoiriens \u00e9taient loin d\u2019imaginer que la premi\u00e8re salve serait pour son \u00e9pouse [&hellip;]<\/p>\n","protected":false},"author":1813,"featured_media":0,"comment_status":"closed","ping_status":"closed","sticky":false,"template":"","format":"standard","meta":{"fifu_image_url":"https:\/\/lepays.bf\/wp-content\/uploads\/2021\/06\/LG-SIMONE-2.jpg","fifu_image_alt":"DIVORCE EN COURS DU COUPLE GBAGBO","footnotes":""},"categories":[73,81],"tags":[],"class_list":["post-119352","post","type-post","status-publish","format-standard","hentry","category-actualite","category-burkina-faso"],"_links":{"self":[{"href":"https:\/\/linitiative.ca\/International\/wp-json\/wp\/v2\/posts\/119352","targetHints":{"allow":["GET"]}}],"collection":[{"href":"https:\/\/linitiative.ca\/International\/wp-json\/wp\/v2\/posts"}],"about":[{"href":"https:\/\/linitiative.ca\/International\/wp-json\/wp\/v2\/types\/post"}],"author":[{"embeddable":true,"href":"https:\/\/linitiative.ca\/International\/wp-json\/wp\/v2\/users\/1813"}],"replies":[{"embeddable":true,"href":"https:\/\/linitiative.ca\/International\/wp-json\/wp\/v2\/comments?post=119352"}],"version-history":[{"count":0,"href":"https:\/\/linitiative.ca\/International\/wp-json\/wp\/v2\/posts\/119352\/revisions"}],"wp:attachment":[{"href":"https:\/\/linitiative.ca\/International\/wp-json\/wp\/v2\/media?parent=119352"}],"wp:term":[{"taxonomy":"category","embeddable":true,"href":"https:\/\/linitiative.ca\/International\/wp-json\/wp\/v2\/categories?post=119352"},{"taxonomy":"post_tag","embeddable":true,"href":"https:\/\/linitiative.ca\/International\/wp-json\/wp\/v2\/tags?post=119352"}],"curies":[{"name":"wp","href":"https:\/\/api.w.org\/{rel}","templated":true}]}}