{"id":119354,"date":"2021-06-23T16:14:47","date_gmt":"2021-06-23T20:14:47","guid":{"rendered":"https:\/\/linitiative.ca\/International\/condamnation-a-perpetuite-de-guillaume-soro\/"},"modified":"2021-06-23T16:14:47","modified_gmt":"2021-06-23T20:14:47","slug":"condamnation-a-perpetuite-de-guillaume-soro","status":"publish","type":"post","link":"https:\/\/linitiative.ca\/International\/condamnation-a-perpetuite-de-guillaume-soro\/","title":{"rendered":"CONDAMNATION A PERPETUITE DE GUILLAUME SORO"},"content":{"rendered":"<div>\n<p><img decoding=\"async\" width=\"592\" height=\"296\" src=\"https:\/\/linitiative.ca\/International\/wp-content\/uploads\/sites\/23\/2021\/06\/SORO.jpg\" class=\"attachment- size- wp-post-image\" alt=\"\" loading=\"lazy\" style=\"float:left; margin:0 15px 15px 0;\" srcset=\"https:\/\/linitiative.ca\/International\/wp-content\/uploads\/sites\/23\/2021\/06\/SORO.jpg 592w, https:\/\/lepays.bf\/wp-content\/uploads\/2021\/06\/SORO-300x150.jpg 300w\" sizes=\"auto, (max-width: 592px) 100vw, 592px\">Une \u00e2me sans doute condamn\u00e9e \u00e0 l\u2019errance, loin des siens!\u00a0 C\u2019est \u00e0 ce triste sort que semble, \u00e0 pr\u00e9sent, r\u00e9duit l\u2019ancien Premier ministre ivoirien, dont l\u2019exil interminable risque de se transformer en voyage sans retour. Poursuivi avec dix-neuf de ses partisans pour \u00ab\u00a0complot\u00a0\u00bb, \u00ab\u00a0tentative d\u2019atteinte \u00e0 l\u2019autorit\u00e9 de l\u2019Etat ainsi que pour \u00ab\u00a0diffusion et publication \u2026<\/p>\n<p>L\u2019article <a rel=\"nofollow\" href=\"https:\/\/lepays.bf\/condamnation-a-perpetuite-de-guillaume-soro\/\">CONDAMNATION A PERPETUITE DE GUILLAUME SORO<\/a> est apparu en premier sur <a rel=\"nofollow\" href=\"https:\/\/lepays.bf\/\">Editions Le Pays<\/a>.<\/p>\n<\/div>\n<p>Auteur: Editions LEPAYS<br \/>\n<a href=\"https:\/\/lepays.bf\/condamnation-a-perpetuite-de-guillaume-soro\/\">Cliquez ici pour lire l&rsquo;article depuis sa source.<\/a><\/p>\n","protected":false},"excerpt":{"rendered":"<p>Une \u00e2me sans doute condamn\u00e9e \u00e0 l\u2019errance, loin des siens!\u00a0 C\u2019est \u00e0 ce triste sort que semble, \u00e0 pr\u00e9sent, r\u00e9duit l\u2019ancien Premier ministre ivoirien, dont l\u2019exil interminable risque de se transformer en voyage sans retour. Poursuivi avec dix-neuf de ses partisans pour \u00ab\u00a0complot\u00a0\u00bb, \u00ab\u00a0tentative d\u2019atteinte \u00e0 l\u2019autorit\u00e9 de l\u2019Etat ainsi que pour \u00ab\u00a0diffusion et publication [&hellip;]<\/p>\n","protected":false},"author":1813,"featured_media":0,"comment_status":"closed","ping_status":"closed","sticky":false,"template":"","format":"standard","meta":{"fifu_image_url":"https:\/\/lepays.bf\/wp-content\/uploads\/2021\/06\/SORO.jpg","fifu_image_alt":"CONDAMNATION A PERPETUITE DE GUILLAUME SORO","footnotes":""},"categories":[73,81],"tags":[],"class_list":["post-119354","post","type-post","status-publish","format-standard","hentry","category-actualite","category-burkina-faso"],"_links":{"self":[{"href":"https:\/\/linitiative.ca\/International\/wp-json\/wp\/v2\/posts\/119354","targetHints":{"allow":["GET"]}}],"collection":[{"href":"https:\/\/linitiative.ca\/International\/wp-json\/wp\/v2\/posts"}],"about":[{"href":"https:\/\/linitiative.ca\/International\/wp-json\/wp\/v2\/types\/post"}],"author":[{"embeddable":true,"href":"https:\/\/linitiative.ca\/International\/wp-json\/wp\/v2\/users\/1813"}],"replies":[{"embeddable":true,"href":"https:\/\/linitiative.ca\/International\/wp-json\/wp\/v2\/comments?post=119354"}],"version-history":[{"count":0,"href":"https:\/\/linitiative.ca\/International\/wp-json\/wp\/v2\/posts\/119354\/revisions"}],"wp:attachment":[{"href":"https:\/\/linitiative.ca\/International\/wp-json\/wp\/v2\/media?parent=119354"}],"wp:term":[{"taxonomy":"category","embeddable":true,"href":"https:\/\/linitiative.ca\/International\/wp-json\/wp\/v2\/categories?post=119354"},{"taxonomy":"post_tag","embeddable":true,"href":"https:\/\/linitiative.ca\/International\/wp-json\/wp\/v2\/tags?post=119354"}],"curies":[{"name":"wp","href":"https:\/\/api.w.org\/{rel}","templated":true}]}}