{"id":119358,"date":"2021-06-23T10:50:58","date_gmt":"2021-06-23T14:50:58","guid":{"rendered":"https:\/\/linitiative.ca\/International\/terrorisme-lattaque-de-solhan-a-ete-perpetree-par-des-assaillants-de-12-a-14-ans-conseil-de-ministre\/"},"modified":"2021-06-23T10:50:58","modified_gmt":"2021-06-23T14:50:58","slug":"terrorisme-lattaque-de-solhan-a-ete-perpetree-par-des-assaillants-de-12-a-14-ans-conseil-de-ministre","status":"publish","type":"post","link":"https:\/\/linitiative.ca\/International\/terrorisme-lattaque-de-solhan-a-ete-perpetree-par-des-assaillants-de-12-a-14-ans-conseil-de-ministre\/","title":{"rendered":"Terrorisme\u00a0: l\u2019attaque de Solhan a \u00e9t\u00e9 perp\u00e9tr\u00e9e par des assaillants de 12 \u00e0 14 ans. (Conseil de ministre)"},"content":{"rendered":"<div>\n<p>Le ministre en charge de la communication, porte-parole du gouvernement, Ouss\u00e9ni Tamboura a indiqu\u00e9 ce mercredi 23 juin 2021, \u00e0 l\u2019issu du conseil des ministres, que les assaillants qui ont attaqu\u00e9 la commune de\u00a0<strong><a href=\"https:\/\/minute.bf\/massacre-a-solhan-une-centaine-de-morts-officiel\/\">Solhan\u00a0<\/a><\/strong>qui a fait officiellement 132 morts, \u00e9taient des adolescents, dont l\u2019\u00e2ge est situ\u00e9 entre 12 et 14 ans.<\/p>\n<p>Selon le Ministre Tamboura , cette attaque a aussi \u00e9t\u00e9 possible gr\u00e2ce \u00e0 la contribution des femmes du camp des terroristes, qui suivaient les assaillants et qui indiquaient les concessions des personnes \u00e0 \u00e9liminer. Il a \u00e9galement d\u00e9voil\u00e9 que l\u2019attaque a \u00e9t\u00e9 perp\u00e9tr\u00e9e par Moujaz Al Qa\u00efda,<\/p>\n<p><strong>La R\u00e9daction<\/strong><\/p>\n<p>L\u2019article <a rel=\"nofollow\" href=\"https:\/\/www.sidwaya.info\/blog\/2021\/06\/23\/terrorisme-lattaque-de-solhan-a-ete-perpetree-par-des-assaillants-de-12-a-14-ans-conseil-de-ministre\/\">Terrorisme\u00a0: l\u2019attaque de Solhan a \u00e9t\u00e9 perp\u00e9tr\u00e9e par des assaillants de 12 \u00e0 14 ans. (Conseil de ministre)<\/a> est apparu en premier sur <a rel=\"nofollow\" href=\"https:\/\/www.sidwaya.info\/\">Quotidien Sidwaya<\/a>.<\/p>\n<\/div>\n<p>Auteur: Wamini SIDWAYA<br \/>\n<a href=\"https:\/\/www.sidwaya.info\/blog\/2021\/06\/23\/terrorisme-lattaque-de-solhan-a-ete-perpetree-par-des-assaillants-de-12-a-14-ans-conseil-de-ministre\/\">Cliquez ici pour lire l&rsquo;article depuis sa source.<\/a><\/p>\n","protected":false},"excerpt":{"rendered":"<p>Le ministre en charge de la communication, porte-parole du gouvernement, Ouss\u00e9ni Tamboura a indiqu\u00e9 ce mercredi 23 juin 2021, \u00e0 l\u2019issu du conseil des ministres, que les assaillants qui ont attaqu\u00e9 la commune de\u00a0Solhan\u00a0qui a fait officiellement 132 morts, \u00e9taient des adolescents, dont l\u2019\u00e2ge est situ\u00e9 entre 12 et 14 ans. Selon le Ministre Tamboura [&hellip;]<\/p>\n","protected":false},"author":1816,"featured_media":0,"comment_status":"closed","ping_status":"closed","sticky":false,"template":"","format":"standard","meta":{"fifu_image_url":"","fifu_image_alt":"","footnotes":""},"categories":[73,81],"tags":[],"class_list":["post-119358","post","type-post","status-publish","format-standard","hentry","category-actualite","category-burkina-faso"],"_links":{"self":[{"href":"https:\/\/linitiative.ca\/International\/wp-json\/wp\/v2\/posts\/119358","targetHints":{"allow":["GET"]}}],"collection":[{"href":"https:\/\/linitiative.ca\/International\/wp-json\/wp\/v2\/posts"}],"about":[{"href":"https:\/\/linitiative.ca\/International\/wp-json\/wp\/v2\/types\/post"}],"author":[{"embeddable":true,"href":"https:\/\/linitiative.ca\/International\/wp-json\/wp\/v2\/users\/1816"}],"replies":[{"embeddable":true,"href":"https:\/\/linitiative.ca\/International\/wp-json\/wp\/v2\/comments?post=119358"}],"version-history":[{"count":0,"href":"https:\/\/linitiative.ca\/International\/wp-json\/wp\/v2\/posts\/119358\/revisions"}],"wp:attachment":[{"href":"https:\/\/linitiative.ca\/International\/wp-json\/wp\/v2\/media?parent=119358"}],"wp:term":[{"taxonomy":"category","embeddable":true,"href":"https:\/\/linitiative.ca\/International\/wp-json\/wp\/v2\/categories?post=119358"},{"taxonomy":"post_tag","embeddable":true,"href":"https:\/\/linitiative.ca\/International\/wp-json\/wp\/v2\/tags?post=119358"}],"curies":[{"name":"wp","href":"https:\/\/api.w.org\/{rel}","templated":true}]}}