{"id":119360,"date":"2021-06-23T17:39:35","date_gmt":"2021-06-23T21:39:35","guid":{"rendered":"https:\/\/linitiative.ca\/International\/la-mort-politique-de-guillaume-soro\/"},"modified":"2021-06-23T17:39:35","modified_gmt":"2021-06-23T21:39:35","slug":"la-mort-politique-de-guillaume-soro","status":"publish","type":"post","link":"https:\/\/linitiative.ca\/International\/la-mort-politique-de-guillaume-soro\/","title":{"rendered":"La mort politique  de Guillaume Soro\u00a0?"},"content":{"rendered":"<div>\n<p>L\u2019ex-Premier ministre et Pr\u00e9sident de l\u2019Assembl\u00e9e nationale ivoirienne, Guillaume Soro, a \u00e9t\u00e9 condamn\u00e9 \u00e0 la prison \u00e0 vie par le tribunal criminel d\u2019Abidjan, hier mercredi 23 juin 2021. Guillaume Soro et 19 de ses proches \u00e9taient poursuivis pour tentative d\u2019atteinte \u00e0 l\u2019autorit\u00e9 de l\u2019Etat et complot, diffusion de fausses nouvelles et troubles \u00e0 l\u2019ordre public, dans un proc\u00e8s qui a d\u00e9but\u00e9 le 19 mai dernier. Guillaume Soro et cinq autres accus\u00e9s \u00e9tant exil\u00e9s (jug\u00e9s par contumace), ce sont 14 personnes qui \u00e9taient dans le box des accus\u00e9s. Au verdict, Guillaume Soro a \u00e9cop\u00e9 de la prison \u00e0 vie et son avocate Affoussiata Bamba Lamine, exil\u00e9e \u00e9galement, de 20 ans.<\/p>\n<p>Souleymane Kagamat\u00e9 dit \u00ab\u00a0Soul to Soul\u00a0\u00bb, son directeur de protocole et les militaires de sa garde rapproch\u00e9e ont \u00e9galement \u00e9t\u00e9 condamn\u00e9s \u00e0 20 ans chacun, pour tentative d\u2019atteinte \u00e0 l\u2019autorit\u00e9 de l\u2019\u00c9tat et complot. L\u2019ancien ministre et ex-d\u00e9put\u00e9, Alain Lobognon, de m\u00eame que les deux fr\u00e8res Simon et Rigobert Soro qui ont d\u00e9j\u00e0 fait 18 mois de d\u00e9tention provisoire, ont \u00e9t\u00e9 condamn\u00e9s \u00e0 17 mois de prison pour troubles \u00e0 l\u2019ordre public, pour avoir tenu une conf\u00e9rence de presse le 23 d\u00e9cembre 2019, au moment o\u00f9 l\u2019avion de Guillaume Soro s\u2019appr\u00eatait \u00e0 atterrir \u00e0 Abidjan. Les autorit\u00e9s avaient bas\u00e9 leurs accusations sur ce qu\u2019elles pr\u00e9sentaient comme des\u00a0enregistrements t\u00e9l\u00e9phoniques, dans lesquels Guillaume Soro \u00e9voquait ses soutiens au sein de l\u2019arm\u00e9e, se disait \u00abpositionn\u00e9 un peu partout \u00bb et indiquait avoir la \u00ab t\u00e9l\u00e9commande\u00bb pour passer \u00e0 l\u2019action. Des perquisitions auraient aussi permis de saisir une cinquantaine de fusils d\u2019assaut Kalachnikov et des<br \/>\nlance-roquettes.<\/p>\n<p>Au regard de la sentence de ce proc\u00e8s, on est tout de suite tent\u00e9 de se demander s\u2019il s\u2019agit d\u2019un proc\u00e8s politique ou d\u2019une d\u00e9cision de justice. Si l\u2019on sait que le tribunal a ordonn\u00e9 la dissolution de G\u00e9n\u00e9rations et peuples solidaires (GPS), le mouvement politique lanc\u00e9 par Guillaume Soro en juillet 2019 et solidairement condamn\u00e9s les coupables \u00e0 payer un milliard F CFA de dommages et int\u00e9r\u00eats, la r\u00e9ponse \u00e0 cette question est \u00e9vidente : le proc\u00e8s vise simplement \u00e0 mettre hors d\u2019\u00e9tat de nuire, un adversaire politique. Cela, parce qu\u2019un fid\u00e8le parmi les plus fid\u00e8les d\u2019Alassane Ouattara s\u2019est oppos\u00e9 \u00e0 la cr\u00e9ation du Rassemblement des houphou\u00ebtistes pour la d\u00e9mocratie et la paix (RHDP) \u00e0 partir de 2018, parce qu\u2019ayant lui aussi des ambitions pr\u00e9sidentielles.<\/p>\n<p>La suite est connue. En avril 2020, l\u2019ancien pr\u00e9sident de l\u2019Assembl\u00e9e nationale, Guillaume Soro avait d\u00e9j\u00e0 \u00e9t\u00e9 condamn\u00e9 \u00e0 20 ans de prison fermes, 4,5 milliards F CFA d\u2019amende et \u00e0 la privation de ses droits civiques pour une p\u00e9riode de cinq ans apr\u00e8s avoir \u00e9t\u00e9 reconnu coupable de recel de deniers publics d\u00e9tourn\u00e9s et de blanchiment de capitaux, du fait de l\u2019acquisition d\u2019une villa \u00e0 Marcory r\u00e9sidentiel, un quartier hupp\u00e9 d\u2019Abidjan, alors qu\u2019il \u00e9tait Premier ministre, gr\u00e2ce \u00e0 des fonds du tr\u00e9sor public ivoirien. C\u2019est dire donc qu\u2019\u00e0 moins que le vent de la r\u00e9conciliation n\u2019emporte avec lui toutes ces peines, Guillaume Soro est d\u00e9finitivement \u00e9cart\u00e9 du jeu politique ivoirien et donc politiquement mort en th\u00e9orie.<\/p>\n<p>Mais pour qui conna\u00eet ce virevoltant homme politique et ex-rebelle, il faut s\u2019attendre \u00e0 des rebondissements ou \u00e0 tout le moins, \u00e0 des \u00e9volutions significatives de sa situation. Dans ce sens, il a d\u00e9j\u00e0 donn\u00e9 le ton sur les r\u00e9seaux sociaux en r\u00e9action \u00e0 sa condamnation : \u00ab Ces verdicts viennent renforcer ma conviction qu\u2019il faut se battre courageusement et sans faiblesse contre la captation de l\u2019\u00c9tat ivoirien et la mise sous tutelle de toutes ses<br \/>\ninstitutions. Je ne renoncerai pas \u00e0 ce combat\u00a0\u00bb.<\/p>\n<p style=\"text-align: right\"><strong>\u00a0Jean-Marie TOE<\/strong><\/p>\n<p>L\u2019article <a rel=\"nofollow\" href=\"https:\/\/www.sidwaya.info\/blog\/2021\/06\/23\/la-mort-politique-de-guillaume-soro\/\">La mort politique  de Guillaume Soro\u00a0?<\/a> est apparu en premier sur <a rel=\"nofollow\" href=\"https:\/\/www.sidwaya.info\/\">Quotidien Sidwaya<\/a>.<\/p>\n<\/div>\n<p>Auteur: JK. Sidwaya<br \/>\n<a href=\"https:\/\/www.sidwaya.info\/blog\/2021\/06\/23\/la-mort-politique-de-guillaume-soro\/\">Cliquez ici pour lire l&rsquo;article depuis sa source.<\/a><\/p>\n","protected":false},"excerpt":{"rendered":"<p>L\u2019ex-Premier ministre et Pr\u00e9sident de l\u2019Assembl\u00e9e nationale ivoirienne, Guillaume Soro, a \u00e9t\u00e9 condamn\u00e9 \u00e0 la prison \u00e0 vie par le tribunal criminel d\u2019Abidjan, hier mercredi 23 juin 2021. Guillaume Soro et 19 de ses proches \u00e9taient poursuivis pour tentative d\u2019atteinte \u00e0 l\u2019autorit\u00e9 de l\u2019Etat et complot, diffusion de fausses nouvelles et troubles \u00e0 l\u2019ordre public, [&hellip;]<\/p>\n","protected":false},"author":1816,"featured_media":0,"comment_status":"closed","ping_status":"closed","sticky":false,"template":"","format":"standard","meta":{"fifu_image_url":"","fifu_image_alt":"","footnotes":""},"categories":[73,81],"tags":[],"class_list":["post-119360","post","type-post","status-publish","format-standard","hentry","category-actualite","category-burkina-faso"],"_links":{"self":[{"href":"https:\/\/linitiative.ca\/International\/wp-json\/wp\/v2\/posts\/119360","targetHints":{"allow":["GET"]}}],"collection":[{"href":"https:\/\/linitiative.ca\/International\/wp-json\/wp\/v2\/posts"}],"about":[{"href":"https:\/\/linitiative.ca\/International\/wp-json\/wp\/v2\/types\/post"}],"author":[{"embeddable":true,"href":"https:\/\/linitiative.ca\/International\/wp-json\/wp\/v2\/users\/1816"}],"replies":[{"embeddable":true,"href":"https:\/\/linitiative.ca\/International\/wp-json\/wp\/v2\/comments?post=119360"}],"version-history":[{"count":0,"href":"https:\/\/linitiative.ca\/International\/wp-json\/wp\/v2\/posts\/119360\/revisions"}],"wp:attachment":[{"href":"https:\/\/linitiative.ca\/International\/wp-json\/wp\/v2\/media?parent=119360"}],"wp:term":[{"taxonomy":"category","embeddable":true,"href":"https:\/\/linitiative.ca\/International\/wp-json\/wp\/v2\/categories?post=119360"},{"taxonomy":"post_tag","embeddable":true,"href":"https:\/\/linitiative.ca\/International\/wp-json\/wp\/v2\/tags?post=119360"}],"curies":[{"name":"wp","href":"https:\/\/api.w.org\/{rel}","templated":true}]}}