{"id":119361,"date":"2021-06-23T14:04:00","date_gmt":"2021-06-23T18:04:00","guid":{"rendered":"https:\/\/linitiative.ca\/International\/cameroun-aliko-dangote-veut-investir-dans-lhuile-vegetale-et-le-gaz-domestique\/"},"modified":"2021-06-23T14:04:00","modified_gmt":"2021-06-23T18:04:00","slug":"cameroun-aliko-dangote-veut-investir-dans-lhuile-vegetale-et-le-gaz-domestique","status":"publish","type":"post","link":"https:\/\/linitiative.ca\/International\/cameroun-aliko-dangote-veut-investir-dans-lhuile-vegetale-et-le-gaz-domestique\/","title":{"rendered":"Cameroun : Aliko Dangote veut investir dans l\u2019huile v\u00e9g\u00e9tale et le gaz domestique"},"content":{"rendered":"<div>\n<p><img loading=\"lazy\" decoding=\"async\" width=\"472\" height=\"300\" src=\"https:\/\/linitiative.ca\/International\/wp-content\/uploads\/sites\/23\/2021\/06\/MONTAGE-JD-1.jpg\" class=\"attachment-post-thumbnail size-post-thumbnail wp-post-image\" alt=\"\" srcset=\"https:\/\/linitiative.ca\/International\/wp-content\/uploads\/sites\/23\/2021\/06\/MONTAGE-JD-1.jpg 472w, https:\/\/www.journalducameroun.com\/wp-content\/uploads\/2021\/06\/MONTAGE-JD-1-300x191.jpg 300w\" sizes=\"auto, (max-width: 472px) 100vw, 472px\"><\/p>\n<h5 style=\"text-align: justify;\"><strong>L\u2019homme d\u2019affaire nig\u00e9rian a \u00e9t\u00e9 re\u00e7u en audience au Palais de l\u2019unit\u00e9 \u00a0ce 23 juin 2021 par le pr\u00e9sident de la R\u00e9publique Paul Biya.<\/strong><\/h5>\n<p style=\"text-align: justify;\">Aliko Dangote, le milliardaire nig\u00e9rian veut densifier ses investissements au Cameroun. C\u2019est le message qu\u2019il est all\u00e9 passer au pr\u00e9sident de la R\u00e9publique <strong>Paul Biya<\/strong>\u00a0 ce jour dans son palais. L\u2019homme consid\u00e9r\u00e9 comme le plus riche du continent cible le secteur de l\u2019huile raffin\u00e9e et du gaz.<\/p>\n<p style=\"text-align: justify;\">En 217, la production locale en huile v\u00e9g\u00e9tale \u00e9tait\u00a0 de l\u2019ordre de 360 000 tonnes,\u00a0 selon les donn\u00e9es de l\u2019Association de Raffineurs des Ol\u00e9agineux du\u00a0Cameroun (ASROC). L&rsquo;Asroc notait\u00a0 toutefois que le pays fait face\u00a0 \u00e0 un \u201cd\u00e9ficit structurel de l\u2019ordre de 130 000 tonnes\u201d d\u2019huiles v\u00e9g\u00e9tales en valeur nominale. L\u2019entr\u00e9e de Dangot\u00e9 pourrait donc \u00a0r\u00e9duire le d\u00e9ficit dans le ce secteur.<\/p>\n<p style=\"text-align: justify;\">Dans le m\u00eame sens,\u00a0 la Commission de r\u00e9habilitation (CTR) des \u00e9tablissements publics et parapublics du Cameroun annon\u00e7ait en 2020 que l\u2019agro-industriel camerounais Pamol Plantations, bas\u00e9 dans le Sud-Ouest du pays, a pr\u00e9vu l\u2019acquisition d\u2019une nouvelle huilerie dans le cadre de l\u2019ex\u00e9cution du contrat-plan avec l\u2019\u00c9tat. D\u2019un montant de 8 milliards FCFA,\u00a0 l\u2019usine mont\u00e9e en Malaisie devrait \u00eatre livr\u00e9e cette ann\u00e9e 2021.<\/p>\n<p style=\"text-align: justify;\">S\u2019agissant du gaz, la production annuelle tourne autour de 1,2 million de tonnes par an. Pour 2021, 120\u2009000 tonnes m\u00e9triques (TM) de gaz domestique, doivent \u00eatre import\u00e9s pour combler le gap du march\u00e9 national du gaz domestique. Le march\u00e9 reste\u00a0 ouvert. Aliko Dangote devrait jouer sa partition pour satisfaire la forte demande. A noter\u00a0 qu\u2019il compte d\u00e9j\u00e0 une cimenterie dans le pays.<\/p>\n<p style=\"text-align: justify;\">\n<p>Cet article <a rel=\"nofollow\" href=\"https:\/\/www.journalducameroun.com\/cameroun-aliko-dangote-veut-investir-dans-lhuile-vegetale-et-le-gaz-domestique\/\">Cameroun : Aliko Dangote veut investir dans l\u2019huile v\u00e9g\u00e9tale et le gaz domestique<\/a> est apparu en premier sur <a rel=\"nofollow\" href=\"https:\/\/www.journalducameroun.com\/\">Journal du Cameroun<\/a>.<\/p>\n<\/div>\n<p>Auteur: Christian DJIMADEU<br \/>\n<a href=\"https:\/\/www.journalducameroun.com\/cameroun-aliko-dangote-veut-investir-dans-lhuile-vegetale-et-le-gaz-domestique\/\">Cliquez ici pour lire l&rsquo;article depuis sa source.<\/a><\/p>\n","protected":false},"excerpt":{"rendered":"<p>L\u2019homme d\u2019affaire nig\u00e9rian a \u00e9t\u00e9 re\u00e7u en audience au Palais de l\u2019unit\u00e9 \u00a0ce 23 juin 2021 par le pr\u00e9sident de la R\u00e9publique Paul Biya. Aliko Dangote, le milliardaire nig\u00e9rian veut densifier ses investissements au Cameroun. C\u2019est le message qu\u2019il est all\u00e9 passer au pr\u00e9sident de la R\u00e9publique Paul Biya\u00a0 ce jour dans son palais. L\u2019homme [&hellip;]<\/p>\n","protected":false},"author":1965,"featured_media":0,"comment_status":"closed","ping_status":"closed","sticky":false,"template":"","format":"standard","meta":{"fifu_image_url":"https:\/\/www.journalducameroun.com\/wp-content\/uploads\/2021\/06\/MONTAGE-JD-1.jpg","fifu_image_alt":"Cameroun : Aliko Dangote veut investir dans l\u2019huile v\u00e9g\u00e9tale et le gaz domestique","footnotes":""},"categories":[73,82],"tags":[],"class_list":["post-119361","post","type-post","status-publish","format-standard","hentry","category-actualite","category-cameroun"],"_links":{"self":[{"href":"https:\/\/linitiative.ca\/International\/wp-json\/wp\/v2\/posts\/119361","targetHints":{"allow":["GET"]}}],"collection":[{"href":"https:\/\/linitiative.ca\/International\/wp-json\/wp\/v2\/posts"}],"about":[{"href":"https:\/\/linitiative.ca\/International\/wp-json\/wp\/v2\/types\/post"}],"author":[{"embeddable":true,"href":"https:\/\/linitiative.ca\/International\/wp-json\/wp\/v2\/users\/1965"}],"replies":[{"embeddable":true,"href":"https:\/\/linitiative.ca\/International\/wp-json\/wp\/v2\/comments?post=119361"}],"version-history":[{"count":0,"href":"https:\/\/linitiative.ca\/International\/wp-json\/wp\/v2\/posts\/119361\/revisions"}],"wp:attachment":[{"href":"https:\/\/linitiative.ca\/International\/wp-json\/wp\/v2\/media?parent=119361"}],"wp:term":[{"taxonomy":"category","embeddable":true,"href":"https:\/\/linitiative.ca\/International\/wp-json\/wp\/v2\/categories?post=119361"},{"taxonomy":"post_tag","embeddable":true,"href":"https:\/\/linitiative.ca\/International\/wp-json\/wp\/v2\/tags?post=119361"}],"curies":[{"name":"wp","href":"https:\/\/api.w.org\/{rel}","templated":true}]}}