{"id":119363,"date":"2021-06-23T14:42:46","date_gmt":"2021-06-23T18:42:46","guid":{"rendered":"https:\/\/linitiative.ca\/International\/cameroun-transport-ferroviaire-reprise-du-trafic-le-1er-juillet-entre-yaounde-et-douala\/"},"modified":"2021-06-23T14:42:46","modified_gmt":"2021-06-23T18:42:46","slug":"cameroun-transport-ferroviaire-reprise-du-trafic-le-1er-juillet-entre-yaounde-et-douala","status":"publish","type":"post","link":"https:\/\/linitiative.ca\/International\/cameroun-transport-ferroviaire-reprise-du-trafic-le-1er-juillet-entre-yaounde-et-douala\/","title":{"rendered":"Cameroun \u2013 transport ferroviaire : reprise du trafic le 1er juillet entre Yaound\u00e9 et Douala"},"content":{"rendered":"<div>\n<p><img loading=\"lazy\" decoding=\"async\" width=\"797\" height=\"396\" src=\"https:\/\/linitiative.ca\/International\/wp-content\/uploads\/sites\/23\/2021\/06\/locomotives-camrail.jpg\" class=\"attachment-post-thumbnail size-post-thumbnail wp-post-image\" alt=\"\" srcset=\"https:\/\/linitiative.ca\/International\/wp-content\/uploads\/sites\/23\/2021\/06\/locomotives-camrail.jpg 797w, https:\/\/www.journalducameroun.com\/wp-content\/uploads\/2018\/05\/locomotives-camrail-300x149.jpg 300w, https:\/\/www.journalducameroun.com\/wp-content\/uploads\/2018\/05\/locomotives-camrail-768x382.jpg 768w, https:\/\/www.journalducameroun.com\/wp-content\/uploads\/2018\/05\/locomotives-camrail-600x298.jpg 600w\" sizes=\"auto, (max-width: 797px) 100vw, 797px\"><\/p>\n<h5 style=\"text-align: justify;\">Le voyage inaugural qui se fera au d\u00e9part de la gare centrale de Bessengue \u00e0 Douala, va permettre de lancer une nouvelle offre de transport par train entre Douala et Yaound\u00e9, indique le ministre des Transports.<\/h5>\n<p style=\"text-align: justify;\">\n<p style=\"text-align: justify;\">Dns un communiqu\u00e9 ce 23 jui 2021, Ernes Ngalle Bibehe, ministre des Transports annonce la reprise des voyages par train le jeudi 1<sup>er<\/sup> juillet prochain.<\/p>\n<p style=\"text-align: justify;\"><em>\u00abDeux trains quotidiens au d\u00e9part de Douala-6h00 et Yaound\u00e9-14h30, vont desservir \u00e0 l\u2019aller comme au retour les gares d\u2019Ed\u00e9a, Messondo, Es\u00e9ka, Makak, et Ngoumou\u00bb<\/em>, indique le ministre des Transports.<\/p>\n<p style=\"text-align: justify;\">Le transport des passagers par train avait \u00e9t\u00e9 suspendu le 21 octobre 2016 suite au d\u00e9raillement du\u00a0<em>train Intercity n\u00b0 152<\/em> et qui avait caus\u00e9\u00a0 officiellement 79 morts et au moins 600 bless\u00e9s.<\/p>\n<p style=\"text-align: justify;\">Pendant ce temps, onze trains ont \u00e9t\u00e9 r\u00e9nov\u00e9s pour un co\u00fbt de\u00a0<strong>1,1 milliard FCFA<\/strong>\u00a0dans les ateliers de\u00a0<strong>Camrail<\/strong>, le transporteur ferroviaire camerounais.<\/p>\n<p>Cet article <a rel=\"nofollow\" href=\"https:\/\/www.journalducameroun.com\/cameroun-transport-ferroviaire-reprise-du-trafic-le-1er-juillet-entre-yaounde-et-douala\/\">Cameroun \u2013 transport ferroviaire : reprise du trafic le 1er juillet entre Yaound\u00e9 et Douala<\/a> est apparu en premier sur <a rel=\"nofollow\" href=\"https:\/\/www.journalducameroun.com\/\">Journal du Cameroun<\/a>.<\/p>\n<\/div>\n<p>Auteur: Christian DJIMADEU<br \/>\n<a href=\"https:\/\/www.journalducameroun.com\/cameroun-transport-ferroviaire-reprise-du-trafic-le-1er-juillet-entre-yaounde-et-douala\/\">Cliquez ici pour lire l&rsquo;article depuis sa source.<\/a><\/p>\n","protected":false},"excerpt":{"rendered":"<p>Le voyage inaugural qui se fera au d\u00e9part de la gare centrale de Bessengue \u00e0 Douala, va permettre de lancer une nouvelle offre de transport par train entre Douala et Yaound\u00e9, indique le ministre des Transports. Dns un communiqu\u00e9 ce 23 jui 2021, Ernes Ngalle Bibehe, ministre des Transports annonce la reprise des voyages par [&hellip;]<\/p>\n","protected":false},"author":1965,"featured_media":0,"comment_status":"closed","ping_status":"closed","sticky":false,"template":"","format":"standard","meta":{"fifu_image_url":"https:\/\/www.journalducameroun.com\/wp-content\/uploads\/2018\/05\/locomotives-camrail.jpg","fifu_image_alt":"Cameroun \u2013 transport ferroviaire : reprise du trafic le 1er juillet entre Yaound\u00e9 et Douala","footnotes":""},"categories":[73,82],"tags":[],"class_list":["post-119363","post","type-post","status-publish","format-standard","hentry","category-actualite","category-cameroun"],"_links":{"self":[{"href":"https:\/\/linitiative.ca\/International\/wp-json\/wp\/v2\/posts\/119363","targetHints":{"allow":["GET"]}}],"collection":[{"href":"https:\/\/linitiative.ca\/International\/wp-json\/wp\/v2\/posts"}],"about":[{"href":"https:\/\/linitiative.ca\/International\/wp-json\/wp\/v2\/types\/post"}],"author":[{"embeddable":true,"href":"https:\/\/linitiative.ca\/International\/wp-json\/wp\/v2\/users\/1965"}],"replies":[{"embeddable":true,"href":"https:\/\/linitiative.ca\/International\/wp-json\/wp\/v2\/comments?post=119363"}],"version-history":[{"count":0,"href":"https:\/\/linitiative.ca\/International\/wp-json\/wp\/v2\/posts\/119363\/revisions"}],"wp:attachment":[{"href":"https:\/\/linitiative.ca\/International\/wp-json\/wp\/v2\/media?parent=119363"}],"wp:term":[{"taxonomy":"category","embeddable":true,"href":"https:\/\/linitiative.ca\/International\/wp-json\/wp\/v2\/categories?post=119363"},{"taxonomy":"post_tag","embeddable":true,"href":"https:\/\/linitiative.ca\/International\/wp-json\/wp\/v2\/tags?post=119363"}],"curies":[{"name":"wp","href":"https:\/\/api.w.org\/{rel}","templated":true}]}}