{"id":119365,"date":"2021-06-23T16:18:02","date_gmt":"2021-06-23T20:18:02","guid":{"rendered":"https:\/\/linitiative.ca\/International\/covid-19-145-a-190-milliards-dollars-de-pertes-cumulees-du-pib-en-afrique-bad\/"},"modified":"2021-06-23T16:18:02","modified_gmt":"2021-06-23T20:18:02","slug":"covid-19-145-a-190-milliards-dollars-de-pertes-cumulees-du-pib-en-afrique-bad","status":"publish","type":"post","link":"https:\/\/linitiative.ca\/International\/covid-19-145-a-190-milliards-dollars-de-pertes-cumulees-du-pib-en-afrique-bad\/","title":{"rendered":"Covid-19: 145 \u00e0 190 milliards dollars de pertes cumul\u00e9es du PIB en Afrique (BAD)"},"content":{"rendered":"<div>\n<p><img loading=\"lazy\" decoding=\"async\" width=\"512\" height=\"341\" src=\"https:\/\/linitiative.ca\/International\/wp-content\/uploads\/sites\/23\/2021\/06\/16244794823411.jpg\" class=\"attachment-post-thumbnail size-post-thumbnail wp-post-image\" alt=\"\" srcset=\"https:\/\/linitiative.ca\/International\/wp-content\/uploads\/sites\/23\/2021\/06\/16244794823411.jpg 512w, https:\/\/www.journalducameroun.com\/wp-content\/uploads\/2021\/06\/16244794823411-300x200.jpg 300w\" sizes=\"auto, (max-width: 512px) 100vw, 512px\"><\/p>\n<p>L&rsquo;Afrique enregistre entre 145 et 190 milliards de dollars de pertes cumul\u00e9es du Produit int\u00e9rieur brut (PIB) en raison de la Covid-19, a dit mercredi le pr\u00e9sident du Groupe de la Banque africaine de d\u00e9veloppement (BAD), Adesina Akinwumi, \u00e0 l&rsquo;ouverture des Assembl\u00e9es annuelles de l&rsquo;institution.<\/p>\n<p>\u00ab\u00a0Les effets de la pand\u00e9mie sur l&rsquo;\u00e9conomie du continent ont \u00e9t\u00e9 consid\u00e9rables. Les pertes cumul\u00e9es du PIB de l&rsquo;Afrique sont estim\u00e9es \u00e0 entre 145 et 190 milliards de dollars\u00a0\u00bb, a d\u00e9clar\u00e9 M. Adesina Akinwumi.<\/p>\n<p>L&rsquo;\u00e9dition 2021 des Assembl\u00e9es annuelles de la BAD, abrit\u00e9e par le Ghana, s&rsquo;est ouverte en mode virtuel, en pr\u00e9sence du pr\u00e9sident ghan\u00e9en Nana Akuffo-Addo et de Moussa Faki, pr\u00e9sident de la Commission de l&rsquo;Union africaine.<\/p>\n<p>M. Adesina a fait observer qu&rsquo;en raison de la pand\u00e9mie de Covid-19, l&rsquo;Afrique aura besoin de beaucoup de ressources pour soutenir son redressement en vue de la relance \u00e9conomique du continent.<\/p>\n<p>\u00ab\u00a0Les pays d&rsquo;Afrique subsaharienne \u00e0 faible revenu auront besoin \u00e0 eux seuls de 245 milliards de dollars d&rsquo;ici \u00e0 2030, tandis que l&rsquo;ensemble de l&rsquo;Afrique subsaharienne aura besoin de 425 milliards de dollars d&rsquo;ici \u00e0 2030\u00a0\u00bb, a-t-il soulign\u00e9.<\/p>\n<p>La pand\u00e9mie a rendu le d\u00e9fi du d\u00e9veloppement encore plus ardu. De ce fait, 30 millions de personnes ont bascul\u00e9 dans l&rsquo;extr\u00eame pauvret\u00e9 et, selon les estimations, 39 millions de personnes pourraient sombrer dans la pauvret\u00e9 d&rsquo;ici fin 2021.<\/p>\n<p>\u00a0Covid-19 et relance de l&rsquo;Afrique<\/p>\n<p>Il faut des mesures fortes pour accompagner la relance de l&rsquo;Afrique, a soutenu le pr\u00e9sident de la BAD, qui a indiqu\u00e9 que la banque a \u00e9mis une obligation \u00e0 impact social de 3 milliards de dollars sur les march\u00e9s financiers mondiaux, qui \u00e9tait \u00e0 cette date la plus importante obligation sociale libell\u00e9e en dollars am\u00e9ricains qui ait exist\u00e9 dans le monde.<\/p>\n<p>\u00ab\u00a0Nous avons annonc\u00e9 une Facilit\u00e9 de r\u00e9ponse \u00e0 la crise dot\u00e9e de 10 milliards de \u00a0dollars. Nous avons octroy\u00e9 28 millions de dollars aux Centres africains de contr\u00f4le et de pr\u00e9vention des maladies\u00a0\u00bb, a-t-il ajout\u00e9.<\/p>\n<p>Il a relev\u00e9 que la situation reste d\u00e9licate, sans aucun doute, mais l&rsquo;Afrique commence \u00e0 nouveau \u00e0 aller de l&rsquo;avant. Et, progressivement, les vaccins deviennent disponibles, les restrictions sont assouplies.\u00a0<\/p>\n<p>Le patron de la BAD s&rsquo;est f\u00e9licit\u00e9 de ce qu&rsquo;un sentiment de normalit\u00e9 revient lentement. En outre, les \u00e9conomies du continent sont sur la voie de la reprise et les pr\u00e9visions \u00e9tablissant la croissance moyenne du produit int\u00e9rieur brut \u00e0 3,4 % pour 2021.<\/p>\n<p>Cette reprise est conditionn\u00e9e par l&rsquo;acc\u00e8s aux vaccins et la r\u00e9solution de la dette africaine, a-t-il fait remarquer, affirmant que l&rsquo;Afrique produit moins de 1 % de ses vaccins et ne devrait pas avoir \u00e0 mendier des vaccins.<\/p>\n<p>\u00a0Il a rassur\u00e9 que la Banque africaine de d\u00e9veloppement va aider l&rsquo;Afrique \u00e0 produire des vaccins. Elle pr\u00e9voit \u00e9galement de consacrer 3 milliards de dollars au \u00a0d\u00e9veloppement de l&rsquo;industrie pharmaceutique en Afrique.<\/p>\n<p>Gouvernance et r\u00e9silience<\/p>\n<p>La BAD prend des mesures pour faire face \u00e0 la dette de l&rsquo;Afrique. Dans cet \u00e9lan, il a not\u00e9 qu&rsquo;elle a lanc\u00e9 un Plan d&rsquo;action sur la dette et une nouvelle Strat\u00e9gie pour la gouvernance \u00e9conomique en Afrique.<\/p>\n<p>Ces deux initiatives devraient aider les pays africains \u00e0 faire face au probl\u00e8me de la dette et \u00e0 entreprendre des r\u00e9formes plus audacieuses en mati\u00e8re de gouvernance \u00e9conomique pour \u00e9viter une crise de la dette.<\/p>\n<p>\u00ab\u00a0Nous saluons les efforts positifs d\u00e9ploy\u00e9s par le Fonds mon\u00e9taire international et le G20 pour faire face \u00e0 la situation de la dette, notamment des actions telles que \u00a0l&rsquo;Initiative de suspension du service de la dette et le cadre commun du G20\u00a0\u00bb, a-t -il ajout\u00e9.<\/p>\n<p>La r\u00e9cente d\u00e9cision du FMI d&rsquo;\u00e9mettre 650 milliards de dollars de droits de tirage sp\u00e9ciaux (DTS) offre aujourd&rsquo;hui, \u00e0 l&rsquo;en croire, une r\u00e9elle opportunit\u00e9 de nous attaquer, de mani\u00e8re plus d\u00e9cisive, aux d\u00e9fis de la dette de l&rsquo;Afrique.<\/p>\n<p>Au cours des cinq derni\u00e8res ann\u00e9es, avant la pand\u00e9mie, les High 5 de la banque ont contribu\u00e9 \u00e0 am\u00e9liorer la vie de 335 millions d&rsquo;Africains. Gr\u00e2ce au soutien de la banque \u00e0 la production de 3 000 m\u00e9gawatts d&rsquo;\u00e9lectricit\u00e9, l&rsquo;acc\u00e8s \u00e0 l&rsquo;\u00e9lectricit\u00e9 s&rsquo;est accru pour environ 20 millions de personnes sur le continent, passant de 49 % \u00e0 56 % depuis que la Banque a lanc\u00e9 son \u00ab\u00a0Nouveau pacte pour l&rsquo;\u00e9nergie en Afrique\u00a0\u00bb.<\/p>\n<p>L&rsquo;\u00e9lectricit\u00e9 permet aux h\u00f4pitaux et aux cliniques de fonctionner pendant la pand\u00e9mie et de stocker les vaccins en toute s\u00e9curit\u00e9.<\/p>\n<p>Par ailleurs, la banque a lanc\u00e9 l&rsquo;initiative \u00ab\u00a0Du d\u00e9sert \u00e0 l&rsquo;\u00e9lectricit\u00e9\u00a0\u00bb, un programme de 20 milliards de dollars, qui vise \u00e0 g\u00e9n\u00e9rer 10 000 m\u00e9gawatts d&rsquo;\u00e9nergie solaire dans le Sahel et \u00e0 fournir de l&rsquo;\u00e9lectricit\u00e9 \u00e0 250 millions de personnes. Il s&rsquo;agira de la plus grande zone solaire au monde.<\/p>\n<p>\u00ab\u00a0Nous restons tr\u00e8s attach\u00e9s \u00e0 la r\u00e9ussite de la Zone de libre-\u00e9change continentale africaine. C&rsquo;est pourquoi la Banque a accord\u00e9 4,8 millions de dollars pour soutenir la cr\u00e9ation du secr\u00e9tariat de la Zone de libre-\u00e9change continentale africaine\u00a0\u00bb, a -t-il poursuivi.<\/p>\n<p>\u00c0 l&rsquo;approche de l&rsquo;\u00e9dition 2021 du Forum pour l&rsquo;investissement en Afrique, la BAD et ses partenaires ont d\u00e9j\u00e0 pr\u00e9par\u00e9 une r\u00e9serve de 230 projets \u00e9valu\u00e9s \u00e0 208 milliards de dollars, afin de favoriser les perspectives d&rsquo;op\u00e9rationnalisation de la Zone de libre-\u00e9change continentale africaine.<\/p>\n<p>\u00ab\u00a0Je suis tr\u00e8s optimiste pour l&rsquo;Afrique. L&rsquo;Afrique va se relever, l&rsquo;Afrique va mieux se reconstruire, l&rsquo;Afrique va prosp\u00e9rer et certains partagent mon optimisme\u00a0\u00bb, a lanc\u00e9 M. Adesina Akinwumi.\u00a0<\/p>\n<p>Une enqu\u00eate men\u00e9e aupr\u00e8s des soci\u00e9t\u00e9s de capital-investissement par African Private Equity and Venture Capital Association en 2020 r\u00e9v\u00e8le que 60 % des investisseurs commanditaires envisagent d&rsquo;augmenter leurs investissements en Afrique au cours des trois prochaines ann\u00e9es.<\/p>\n<p>Cet article <a rel=\"nofollow\" href=\"https:\/\/www.journalducameroun.com\/covid-19-145-a-190-milliards-dollars-de-pertes-cumulees-du-pib-en-afrique-bad\/\">Covid-19: 145 \u00e0 190 milliards dollars de pertes cumul\u00e9es du PIB en Afrique (BAD)<\/a> est apparu en premier sur <a rel=\"nofollow\" href=\"https:\/\/www.journalducameroun.com\/\">Journal du Cameroun<\/a>.<\/p>\n<\/div>\n<p>Auteur: APA News<br \/>\n<a href=\"https:\/\/www.journalducameroun.com\/covid-19-145-a-190-milliards-dollars-de-pertes-cumulees-du-pib-en-afrique-bad\/\">Cliquez ici pour lire l&rsquo;article depuis sa source.<\/a><\/p>\n","protected":false},"excerpt":{"rendered":"<p>L&rsquo;Afrique enregistre entre 145 et 190 milliards de dollars de pertes cumul\u00e9es du Produit int\u00e9rieur brut (PIB) en raison de la Covid-19, a dit mercredi le pr\u00e9sident du Groupe de la Banque africaine de d\u00e9veloppement (BAD), Adesina Akinwumi, \u00e0 l&rsquo;ouverture des Assembl\u00e9es annuelles de l&rsquo;institution. \u00ab\u00a0Les effets de la pand\u00e9mie sur l&rsquo;\u00e9conomie du continent ont [&hellip;]<\/p>\n","protected":false},"author":1965,"featured_media":0,"comment_status":"closed","ping_status":"closed","sticky":false,"template":"","format":"standard","meta":{"fifu_image_url":"https:\/\/www.journalducameroun.com\/wp-content\/uploads\/2021\/06\/16244794823411.jpg","fifu_image_alt":"Covid-19: 145 \u00e0 190 milliards dollars de pertes cumul\u00e9es du PIB en Afrique (BAD)","footnotes":""},"categories":[73,82],"tags":[],"class_list":["post-119365","post","type-post","status-publish","format-standard","hentry","category-actualite","category-cameroun"],"_links":{"self":[{"href":"https:\/\/linitiative.ca\/International\/wp-json\/wp\/v2\/posts\/119365","targetHints":{"allow":["GET"]}}],"collection":[{"href":"https:\/\/linitiative.ca\/International\/wp-json\/wp\/v2\/posts"}],"about":[{"href":"https:\/\/linitiative.ca\/International\/wp-json\/wp\/v2\/types\/post"}],"author":[{"embeddable":true,"href":"https:\/\/linitiative.ca\/International\/wp-json\/wp\/v2\/users\/1965"}],"replies":[{"embeddable":true,"href":"https:\/\/linitiative.ca\/International\/wp-json\/wp\/v2\/comments?post=119365"}],"version-history":[{"count":0,"href":"https:\/\/linitiative.ca\/International\/wp-json\/wp\/v2\/posts\/119365\/revisions"}],"wp:attachment":[{"href":"https:\/\/linitiative.ca\/International\/wp-json\/wp\/v2\/media?parent=119365"}],"wp:term":[{"taxonomy":"category","embeddable":true,"href":"https:\/\/linitiative.ca\/International\/wp-json\/wp\/v2\/categories?post=119365"},{"taxonomy":"post_tag","embeddable":true,"href":"https:\/\/linitiative.ca\/International\/wp-json\/wp\/v2\/tags?post=119365"}],"curies":[{"name":"wp","href":"https:\/\/api.w.org\/{rel}","templated":true}]}}