{"id":119367,"date":"2021-06-23T17:18:02","date_gmt":"2021-06-23T21:18:02","guid":{"rendered":"https:\/\/linitiative.ca\/International\/maroc-lancement-du-premier-consortium-pour-les-droits-a-la-sante-sexuelle-et-reproductive\/"},"modified":"2021-06-23T17:18:02","modified_gmt":"2021-06-23T21:18:02","slug":"maroc-lancement-du-premier-consortium-pour-les-droits-a-la-sante-sexuelle-et-reproductive","status":"publish","type":"post","link":"https:\/\/linitiative.ca\/International\/maroc-lancement-du-premier-consortium-pour-les-droits-a-la-sante-sexuelle-et-reproductive\/","title":{"rendered":"Maroc : Lancement du premier consortium pour les droits \u00e0 la sant\u00e9 sexuelle et reproductive"},"content":{"rendered":"<div>\n<p><img loading=\"lazy\" decoding=\"async\" width=\"275\" height=\"183\" src=\"https:\/\/linitiative.ca\/International\/wp-content\/uploads\/sites\/23\/2021\/06\/16244830828799.jpg\" class=\"attachment-post-thumbnail size-post-thumbnail wp-post-image\" alt=\"\"><\/p>\n<p>Le premier consortium pour les droits \u00e0 la sant\u00e9 sexuelle et reproductive a \u00e9t\u00e9 lanc\u00e9, mercredi \u00e0 Rabat, avec la participation de la soci\u00e9t\u00e9 civile et du Fonds des Nations Unies pour la population (UNFP).Ce nouveau groupement constitue une alliance d&rsquo;organisations non gouvernementales, de la soci\u00e9t\u00e9 civile, des associations de d\u00e9fense des droits des femmes et des r\u00e9seaux de jeunes qui vise \u00e0 renforcer le plaidoyer \u00e0 ce sujet, accentuer la disponibilit\u00e9 des informations et des soins de sant\u00e9 sexuelle et reproductive et acc\u00e9l\u00e9rer la r\u00e9alisation des Objectifs de d\u00e9veloppement durable (ODD) 3 et 5, portant respectivement sur la sant\u00e9 et l&rsquo;\u00e9galit\u00e9 des sexes, a indiqu\u00e9 la porte-parole du consortium, Mme Latifa Jamai.<\/p>\n<p>Cette alliance s&rsquo;assigne pour objectifs le renforcement de la concertation, l&rsquo;\u00e9change, la compl\u00e9mentarit\u00e9 et les synergies d&rsquo;actions sur le terrain, a-t-elle indiqu\u00e9, ajoutant qu&rsquo;elle permettra de fournir des solutions, des propositions et des recommandations pour r\u00e9pondre aux besoins de la population dans le domaine de la sant\u00e9 sexuelle et reproductive ainsi que l&rsquo;\u00e9galit\u00e9 des sexes.<\/p>\n<p>De son c\u00f4t\u00e9, le repr\u00e9sentant de l&rsquo;UNFPA, Luis Mora, a soulign\u00e9 que la cr\u00e9ation du consortium fait suite \u00e0 la participation marocaine en 2019 au sommet de Nairobi sur la population et le d\u00e9veloppement, qui a r\u00e9uni plus de 9.500 participants provenant de plus de 170 pays.<\/p>\n<p>Lors de ce sommet, un agenda a \u00e9t\u00e9 \u00e9tabli pour transformer le monde en mettant un terme, d&rsquo;ici 2030, aux d\u00e9c\u00e8s maternels \u00e9vitables, aux besoins non satisfaits en planification familiale et aux violences bas\u00e9es sur le genre et autres pratiques n\u00e9fastes envers les femmes et les filles, a-t-il rappel\u00e9.<\/p>\n<p>Premi\u00e8re au Maroc et en Afrique, cette alliance trouve ses racines dans les pactes internationaux relatifs aux droits de l&rsquo;homme, ratifi\u00e9s par le Royaume et dans la constitution, qui stipule la garantie des droits \u00e0 la sant\u00e9 avec les droits au d\u00e9veloppement, \u00e0 l&rsquo;\u00e9quit\u00e9 et \u00e0 l&rsquo;\u00e9galit\u00e9 des chances, a not\u00e9 M. Mora.<\/p>\n<p>Le Consortium compte sept organisations de la soci\u00e9t\u00e9 civile agissant pour les droits reproductifs et l&rsquo;\u00e9galit\u00e9 des sexes au Maroc.<\/p>\n<p>Inclusif, innovant et ouvert sur son environnement, il vise \u00e0 contribuer au suivi de la mise en \u0153uvre des politiques publiques en mati\u00e8re de sant\u00e9 au Maroc, en particulier la r\u00e9alisation de la strat\u00e9gie nationale de la sant\u00e9 sexuelle et reproductive 2021-2030.<\/p>\n<p>Cet article <a rel=\"nofollow\" href=\"https:\/\/www.journalducameroun.com\/maroc-lancement-du-premier-consortium-pour-les-droits-a-la-sante-sexuelle-et-reproductive\/\">Maroc : Lancement du premier consortium pour les droits \u00e0 la sant\u00e9 sexuelle et reproductive<\/a> est apparu en premier sur <a rel=\"nofollow\" href=\"https:\/\/www.journalducameroun.com\/\">Journal du Cameroun<\/a>.<\/p>\n<\/div>\n<p>Auteur: APA News<br \/>\n<a href=\"https:\/\/www.journalducameroun.com\/maroc-lancement-du-premier-consortium-pour-les-droits-a-la-sante-sexuelle-et-reproductive\/\">Cliquez ici pour lire l&rsquo;article depuis sa source.<\/a><\/p>\n","protected":false},"excerpt":{"rendered":"<p>Le premier consortium pour les droits \u00e0 la sant\u00e9 sexuelle et reproductive a \u00e9t\u00e9 lanc\u00e9, mercredi \u00e0 Rabat, avec la participation de la soci\u00e9t\u00e9 civile et du Fonds des Nations Unies pour la population (UNFP).Ce nouveau groupement constitue une alliance d&rsquo;organisations non gouvernementales, de la soci\u00e9t\u00e9 civile, des associations de d\u00e9fense des droits des femmes [&hellip;]<\/p>\n","protected":false},"author":1965,"featured_media":0,"comment_status":"closed","ping_status":"closed","sticky":false,"template":"","format":"standard","meta":{"fifu_image_url":"https:\/\/www.journalducameroun.com\/wp-content\/uploads\/2021\/06\/16244830828799.jpg","fifu_image_alt":"Maroc : Lancement du premier consortium pour les droits \u00e0 la sant\u00e9 sexuelle et reproductive","footnotes":""},"categories":[73,82],"tags":[],"class_list":["post-119367","post","type-post","status-publish","format-standard","hentry","category-actualite","category-cameroun"],"_links":{"self":[{"href":"https:\/\/linitiative.ca\/International\/wp-json\/wp\/v2\/posts\/119367","targetHints":{"allow":["GET"]}}],"collection":[{"href":"https:\/\/linitiative.ca\/International\/wp-json\/wp\/v2\/posts"}],"about":[{"href":"https:\/\/linitiative.ca\/International\/wp-json\/wp\/v2\/types\/post"}],"author":[{"embeddable":true,"href":"https:\/\/linitiative.ca\/International\/wp-json\/wp\/v2\/users\/1965"}],"replies":[{"embeddable":true,"href":"https:\/\/linitiative.ca\/International\/wp-json\/wp\/v2\/comments?post=119367"}],"version-history":[{"count":0,"href":"https:\/\/linitiative.ca\/International\/wp-json\/wp\/v2\/posts\/119367\/revisions"}],"wp:attachment":[{"href":"https:\/\/linitiative.ca\/International\/wp-json\/wp\/v2\/media?parent=119367"}],"wp:term":[{"taxonomy":"category","embeddable":true,"href":"https:\/\/linitiative.ca\/International\/wp-json\/wp\/v2\/categories?post=119367"},{"taxonomy":"post_tag","embeddable":true,"href":"https:\/\/linitiative.ca\/International\/wp-json\/wp\/v2\/tags?post=119367"}],"curies":[{"name":"wp","href":"https:\/\/api.w.org\/{rel}","templated":true}]}}