{"id":119369,"date":"2021-06-23T17:18:02","date_gmt":"2021-06-23T21:18:02","guid":{"rendered":"https:\/\/linitiative.ca\/International\/proces-soro-rejette-les-verdicts-les-qualifiant-d-ordre-politique\/"},"modified":"2021-06-23T17:18:02","modified_gmt":"2021-06-23T21:18:02","slug":"proces-soro-rejette-les-verdicts-les-qualifiant-d-ordre-politique","status":"publish","type":"post","link":"https:\/\/linitiative.ca\/International\/proces-soro-rejette-les-verdicts-les-qualifiant-d-ordre-politique\/","title":{"rendered":"Proc\u00e8s: Soro \u00ab\u00a0rejette\u00a0\u00bb les verdicts les qualifiant d&rsquo;\u00a0\u00bbordre politique\u00a0\u00bb"},"content":{"rendered":"<div>\n<p><img loading=\"lazy\" decoding=\"async\" width=\"592\" height=\"296\" src=\"https:\/\/linitiative.ca\/International\/wp-content\/uploads\/sites\/23\/2021\/06\/16244830827178.jpg\" class=\"attachment-post-thumbnail size-post-thumbnail wp-post-image\" alt=\"\" srcset=\"https:\/\/linitiative.ca\/International\/wp-content\/uploads\/sites\/23\/2021\/06\/16244830827178.jpg 592w, https:\/\/www.journalducameroun.com\/wp-content\/uploads\/2021\/06\/16244830827178-300x150.jpg 300w\" sizes=\"auto, (max-width: 592px) 100vw, 592px\"><\/p>\n<p>L&rsquo;ex-Premier ministre ivoirien, Guillaume Soro, condamn\u00e9 mercredi \u00e0 vie pour complot contre l&rsquo;autorit\u00e9 Etat, a rejet\u00e9 les verdicts impliquant aussi ses proches,  les qualifiant d'\u00a0\u00bbiniques\u00a0\u00bb et d'\u00a0\u00bbordre politique\u00a0\u00bb, assurant ne pas renoncer \u00e0 son combat politique, dans une note.<\/p>\n<p>\u00ab\u00a0Je rejette totalement ces verdicts iniques, prononc\u00e9s en dehors de toutes les r\u00e8gles de droit et dict\u00e9s uniquement par des consid\u00e9rations d&rsquo;ordre politique\u00a0\u00bb, a r\u00e9agi M. Guillaume Soro, condamn\u00e9 \u00e0 vie par contumace par le tribunal criminel d&rsquo;Abidjan-Plateau. \u00a0<\/p>\n<p>Pour lui, \u00ab\u00a0il n&rsquo;est cach\u00e9 \u00e0 personne que le but ultime de ce proc\u00e8s est de porter un coup d&rsquo;arr\u00eat au projet politique dont je suis porteur et de m&rsquo;\u00e9carter d\u00e9finitivement du jeu politique en C\u00f4te d&rsquo;Ivoire. Ce proc\u00e8s aura d\u00e9montr\u00e9, une fois de plus, la compromission de l&rsquo;appareil judiciaire ivoirien et sa soumission volontaire aux diktats de l&rsquo;ex\u00e9cutif\u00a0\u00bb. \u00a0<\/p>\n<p>\u00ab\u00a0Ces verdicts viennent renforcer ma conviction qu&rsquo;il faut se battre courageusement et sans faiblesse contre la captation de l&rsquo;\u00c9tat ivoirien et la mise sous tutelle de toutes ses institutions\u00a0\u00bb, a-t-il rench\u00e9ri avant d&rsquo;ajouter \u00ab\u00a0je ne renoncerai pas \u00e0 ce combat\u00a0\u00bb.\u00a0<\/p>\n<p>Selon M. Soro \u00ab\u00a0la justice de C\u00f4te d&rsquo;Ivoire vient de prendre devant l&rsquo;histoire, la sinistre responsabilit\u00e9\u00a0\u00bb de prononcer contre ses compagnons, ses fr\u00e8res, certains membres de sa s\u00e9curit\u00e9 et lui-m\u00eame, des condamnations allant de la perp\u00e9tuit\u00e9 \u00e0 17 mois d&#8217;emprisonnement ferme. \u00a0<\/p>\n<p>Le tribunal criminel d&rsquo;Abidjan-Plateau a prononc\u00e9 \u00e9galement la dissolution de G\u00e9n\u00e9rations et Peuples Solidaires (GPS), mouvement politique et citoyen, dont M. Guillaume Soro est le pr\u00e9sident. Il a en outre ordonn\u00e9 la confiscation du si\u00e8ge au profit de l&rsquo;Etat. \u00a0<\/p>\n<p>M. Soro a \u00e9t\u00e9 condamn\u00e9 \u00e0 vie pour atteinte \u00e0 la s\u00fbret\u00e9 de l&rsquo;Etat. Ses fr\u00e8res cadets Simon et Rigobert, ont \u00e9t\u00e9 condamn\u00e9s \u00e0 17 mois de prison ferme, ainsi que l&rsquo;ex-d\u00e9put\u00e9 Alain Lobognon et F\u00e9licien S\u00e9kongo. Le civil, Traor\u00e9 Babou, a \u00e9t\u00e9 \u00a0acquitt\u00e9.\u00a0<\/p>\n<p>Outre ces personnalit\u00e9s, les autres accus\u00e9s ont \u00e9cop\u00e9 de 20 ans d&#8217;emprisonnement parmi lesquels, l&rsquo;ex-ministre de la Communication, Affoussy Bamba, et le chef du protocole de Guillaume Soro Souleymane Kamarat\u00e9 dit Soul to Soul.\u00a0<\/p>\n<p>Cet article <a rel=\"nofollow\" href=\"https:\/\/www.journalducameroun.com\/proces-soro-rejette-les-verdicts-les-qualifiant-dordre-politique\/\">Proc\u00e8s: Soro \u00ab\u00a0rejette\u00a0\u00bb les verdicts les qualifiant d&rsquo;\u00a0\u00bbordre politique\u00a0\u00bb<\/a> est apparu en premier sur <a rel=\"nofollow\" href=\"https:\/\/www.journalducameroun.com\/\">Journal du Cameroun<\/a>.<\/p>\n<\/div>\n<p>Auteur: APA News<br \/>\n<a href=\"https:\/\/www.journalducameroun.com\/proces-soro-rejette-les-verdicts-les-qualifiant-dordre-politique\/\">Cliquez ici pour lire l&rsquo;article depuis sa source.<\/a><\/p>\n","protected":false},"excerpt":{"rendered":"<p>L&rsquo;ex-Premier ministre ivoirien, Guillaume Soro, condamn\u00e9 mercredi \u00e0 vie pour complot contre l&rsquo;autorit\u00e9 Etat, a rejet\u00e9 les verdicts impliquant aussi ses proches, les qualifiant d&rsquo;\u00a0\u00bbiniques\u00a0\u00bb et d&rsquo;\u00a0\u00bbordre politique\u00a0\u00bb, assurant ne pas renoncer \u00e0 son combat politique, dans une note. \u00ab\u00a0Je rejette totalement ces verdicts iniques, prononc\u00e9s en dehors de toutes les r\u00e8gles de droit et [&hellip;]<\/p>\n","protected":false},"author":1965,"featured_media":0,"comment_status":"closed","ping_status":"closed","sticky":false,"template":"","format":"standard","meta":{"fifu_image_url":"https:\/\/www.journalducameroun.com\/wp-content\/uploads\/2021\/06\/16244830827178.jpg","fifu_image_alt":"<div>Proc\u00e8s: Soro \u00ab\u00a0rejette\u00a0\u00bb les verdicts les qualifiant d'\u00a0\u00bbordre politique\u00a0\u00bb<\/div>","footnotes":""},"categories":[73,82],"tags":[],"class_list":["post-119369","post","type-post","status-publish","format-standard","hentry","category-actualite","category-cameroun"],"_links":{"self":[{"href":"https:\/\/linitiative.ca\/International\/wp-json\/wp\/v2\/posts\/119369","targetHints":{"allow":["GET"]}}],"collection":[{"href":"https:\/\/linitiative.ca\/International\/wp-json\/wp\/v2\/posts"}],"about":[{"href":"https:\/\/linitiative.ca\/International\/wp-json\/wp\/v2\/types\/post"}],"author":[{"embeddable":true,"href":"https:\/\/linitiative.ca\/International\/wp-json\/wp\/v2\/users\/1965"}],"replies":[{"embeddable":true,"href":"https:\/\/linitiative.ca\/International\/wp-json\/wp\/v2\/comments?post=119369"}],"version-history":[{"count":0,"href":"https:\/\/linitiative.ca\/International\/wp-json\/wp\/v2\/posts\/119369\/revisions"}],"wp:attachment":[{"href":"https:\/\/linitiative.ca\/International\/wp-json\/wp\/v2\/media?parent=119369"}],"wp:term":[{"taxonomy":"category","embeddable":true,"href":"https:\/\/linitiative.ca\/International\/wp-json\/wp\/v2\/categories?post=119369"},{"taxonomy":"post_tag","embeddable":true,"href":"https:\/\/linitiative.ca\/International\/wp-json\/wp\/v2\/tags?post=119369"}],"curies":[{"name":"wp","href":"https:\/\/api.w.org\/{rel}","templated":true}]}}