{"id":119380,"date":"2021-06-24T10:03:46","date_gmt":"2021-06-24T14:03:46","guid":{"rendered":"https:\/\/linitiative.ca\/International\/un-complexe-culturel-baptise-du-nom-dabdessalam-amer-a-ksar-el-kebir\/"},"modified":"2021-06-24T10:03:46","modified_gmt":"2021-06-24T14:03:46","slug":"un-complexe-culturel-baptise-du-nom-dabdessalam-amer-a-ksar-el-kebir","status":"publish","type":"post","link":"https:\/\/linitiative.ca\/International\/un-complexe-culturel-baptise-du-nom-dabdessalam-amer-a-ksar-el-kebir\/","title":{"rendered":"Un complexe culturel baptis\u00e9 du nom d\u2019Abdessalam Amer  \u00e0 Ksar El K\u00e9bir"},"content":{"rendered":"<div>\n<p><img decoding=\"async\" width=\"300\" height=\"153\" src=\"https:\/\/linitiative.ca\/International\/wp-content\/uploads\/sites\/23\/2021\/06\/etape-de-realisation-de-gros-oeuvres-300x153-1.jpg\" class=\"attachment-medium size-medium wp-post-image\" alt=\"\" loading=\"lazy\" srcset=\"\/\/aujourdhui.ma\/wp-content\/uploads\/2021\/06\/etape-de-realisation-de-gros-oeuvres-300x153.jpg 300w, \/\/aujourdhui.ma\/wp-content\/uploads\/2021\/06\/etape-de-realisation-de-gros-oeuvres-274x140.jpg 274w, \/\/aujourdhui.ma\/wp-content\/uploads\/2021\/06\/etape-de-realisation-de-gros-oeuvres.jpg 746w, \/\/aujourdhui.ma\/wp-content\/uploads\/2021\/06\/etape-de-realisation-de-gros-oeuvres-165x84.jpg 165w, \/\/aujourdhui.ma\/wp-content\/uploads\/2021\/06\/etape-de-realisation-de-gros-oeuvres-702x358.jpg 702w\" sizes=\"auto, (max-width: 300px) 100vw, 300px\"><\/p>\n<p><span style=\"color: #800000;\"><strong>Le projet est actuellement dans la phase des gros \u0153uvres<\/strong><\/span><span id=\"more-379943\"><\/span><\/p>\n<p>En r\u00e9ponse \u00e0 l\u2019appel des repr\u00e9sentants de la sc\u00e8ne artistique et culturelle locale et de simples Kasraouis, le nom du grand compositeur Abdessalam Amer sera donn\u00e9 au nouveau complexe culturel de Ksar El K\u00e9bir, dont les travaux viennent d\u2019\u00eatre lanc\u00e9s. D\u2019une enveloppe budg\u00e9taire globale de 24 millions de dirhams, ce projet est actuellement dans la phase des gros \u0153uvres pour pr\u00e8s de 8 millions de dirhams. Cette premi\u00e8re phase du chantier sera d\u2019une dur\u00e9e de huit mois. Elle sera suivie d\u2019autres \u00e9tapes pour la r\u00e9alisation de ce grand complexe culturel selon un agenda pr\u00e9\u00e9tabli et \u00e0 la hauteur des attentes de la population de Ksar El K\u00e9bir, connue pour son amour pour la culture et l\u2019art.<\/p>\n<p>Situ\u00e9 sur une superficie de 3.000 m2 en plein centre-ville, cet espace est destin\u00e9 \u00e0 accueillir une partie de l\u2019\u0153uvre d\u2019Abdessalam Amer, et ce en hommage \u00e0 cette grande ic\u00f4ne de la musique moderne marocaine et arabe. D\u2019ailleurs bien qu\u2019il ait perdu la vue alors qu\u2019il \u00e9tait encore enfant, cet artiste natif en 1939 \u00e0 Ksar El K\u00e9bir a r\u00e9ussi \u00e0 d\u00e9velopper son amour pour la musique et \u00e0 se distinguer dans le monde arabe gr\u00e2ce \u00e0 plusieurs chefs-d\u2019\u0153uvre, dont \u00abAl Qamar Al Ahmar\u00bb (La Lune rouge), Habibati (Mon Amour) et \u00abKissat Achaouk\u00bb (Histoire d\u2019une passion).<br \/>\nGr\u00e2ce \u00e0 son aspect pluridisciplinaire et d\u2019ouverture sur les diff\u00e9rents types de publics, le futur complexe culturel Abdessalam Amer sera compos\u00e9 des salles pour accueillir de spectacles, d\u2019expositions, de colloques, mais aussi d\u2019ateliers de formation et d\u2019exp\u00e9rimentation artistiques destin\u00e9s aux jeunes de la ville et d\u2019autres zones avoisinantes.<\/p>\n<p>Notons que pour honorer la m\u00e9moire de ce grand compositeur, le nom de cet artiste est \u00e9galement donn\u00e9 au festival de musique, dont la premi\u00e8re \u00e9dition a eu lieu en 2017 avec la participation des grands noms de la musique arabe et marocaine. En plus de ce complexe culturel, la ville veut poursuivre le renforcement de ses infrastructures culturelles gr\u00e2ce \u00e0 de nouveaux projets, dont la biblioth\u00e8que publique Hssissen. D\u2019une enveloppe budg\u00e9taire globale de plus de 5 millions de dirhams, ce projet est en cours de r\u00e9alisation sur une superficie totale de plus de 500 m2. Comme il avait \u00e9t\u00e9 lors du lancement de ce chantier, la biblioth\u00e8que publique Hssissen sera dot\u00e9e d\u2019\u00e9quipements modernes afin de faciliter l\u2019acc\u00e8s des lecteurs aux diff\u00e9rents services de ce futur espace de recherche et de lecture.<\/p>\n<p>\u00a0<\/p>\n<\/div>\n<p>Auteur: Najat Fa\u00efssal<br \/>\n<a href=\"https:\/\/aujourdhui.ma\/culture\/un-complexe-culturel-baptise-du-nom-dabdessalam-amer-a-ksar-el-kebir\">Cliquez ici pour lire l&rsquo;article depuis sa source.<\/a><\/p>\n","protected":false},"excerpt":{"rendered":"<p>Le projet est actuellement dans la phase des gros \u0153uvres En r\u00e9ponse \u00e0 l\u2019appel des repr\u00e9sentants de la sc\u00e8ne artistique et culturelle locale et de simples Kasraouis, le nom du grand compositeur Abdessalam Amer sera donn\u00e9 au nouveau complexe culturel de Ksar El K\u00e9bir, dont les travaux viennent d\u2019\u00eatre lanc\u00e9s. D\u2019une enveloppe budg\u00e9taire globale de [&hellip;]<\/p>\n","protected":false},"author":1759,"featured_media":0,"comment_status":"closed","ping_status":"closed","sticky":false,"template":"","format":"standard","meta":{"fifu_image_url":"https:\/\/aujourdhui.ma\/wp-content\/uploads\/2021\/06\/etape-de-realisation-de-gros-oeuvres-300x153.jpg","fifu_image_alt":"Un complexe culturel baptis\u00e9 du nom d\u2019Abdessalam Amer  \u00e0 Ksar El K\u00e9bir","footnotes":""},"categories":[73,54],"tags":[],"class_list":["post-119380","post","type-post","status-publish","format-standard","hentry","category-actualite","category-maroc"],"_links":{"self":[{"href":"https:\/\/linitiative.ca\/International\/wp-json\/wp\/v2\/posts\/119380","targetHints":{"allow":["GET"]}}],"collection":[{"href":"https:\/\/linitiative.ca\/International\/wp-json\/wp\/v2\/posts"}],"about":[{"href":"https:\/\/linitiative.ca\/International\/wp-json\/wp\/v2\/types\/post"}],"author":[{"embeddable":true,"href":"https:\/\/linitiative.ca\/International\/wp-json\/wp\/v2\/users\/1759"}],"replies":[{"embeddable":true,"href":"https:\/\/linitiative.ca\/International\/wp-json\/wp\/v2\/comments?post=119380"}],"version-history":[{"count":0,"href":"https:\/\/linitiative.ca\/International\/wp-json\/wp\/v2\/posts\/119380\/revisions"}],"wp:attachment":[{"href":"https:\/\/linitiative.ca\/International\/wp-json\/wp\/v2\/media?parent=119380"}],"wp:term":[{"taxonomy":"category","embeddable":true,"href":"https:\/\/linitiative.ca\/International\/wp-json\/wp\/v2\/categories?post=119380"},{"taxonomy":"post_tag","embeddable":true,"href":"https:\/\/linitiative.ca\/International\/wp-json\/wp\/v2\/tags?post=119380"}],"curies":[{"name":"wp","href":"https:\/\/api.w.org\/{rel}","templated":true}]}}