{"id":119392,"date":"2021-06-23T14:00:00","date_gmt":"2021-06-23T18:00:00","guid":{"rendered":"https:\/\/linitiative.ca\/International\/lex-president-mohamed-ould-abdel-aziz-ecroue\/"},"modified":"2021-06-23T14:00:00","modified_gmt":"2021-06-23T18:00:00","slug":"lex-president-mohamed-ould-abdel-aziz-ecroue","status":"publish","type":"post","link":"https:\/\/linitiative.ca\/International\/lex-president-mohamed-ould-abdel-aziz-ecroue\/","title":{"rendered":"L\u2019ex-pr\u00e9sident Mohamed Ould Abdel Aziz \u00e9crou\u00e9"},"content":{"rendered":"<div>\n<p class=\"has-text-align-center has-vivid-red-color has-text-color\"><strong>Mauritanie<\/strong><\/p>\n<p class=\"has-black-color has-text-color\"><strong>L\u2019ex-pr\u00e9sident mauritanien Mohamed Ould Abdel Aziz a \u00e9t\u00e9 \u00e9crou\u00e9 mardi soir sur d\u00e9cision du juge charg\u00e9 d\u2019une enqu\u00eate pour corruption pr\u00e9sum\u00e9e dans laquelle l\u2019ancien chef de l\u2019Etat, au pouvoir jusqu\u2019en 2019, a \u00e9t\u00e9 inculp\u00e9 en mars, a-t-on appris aupr\u00e8s du parquet et de son parti.<\/strong><\/p>\n<p class=\"has-black-color has-text-color\">Un magistrat du parquet s\u2019exprimant sous couvert de l\u2019anonymat ainsi que le porte-parole de son parti, l\u2019ancien ministre Djibril Ould Bilal, ont confirm\u00e9 son placement sous mandat de d\u00e9p\u00f4t sans en pr\u00e9ciser la cause dans un premier temps.<\/p>\n<p class=\"has-black-color has-text-color\">Mais cette mesure intervient quelques jours apr\u00e8s le refus de l\u2019ancien dirigeant de continuer \u00e0 se pr\u00e9senter \u00e0 la police, comme le lui imposaient les conditions dont \u00e9tait assorti son placement en r\u00e9sidence surveill\u00e9e.<\/p>\n<p class=\"has-black-color has-text-color\">Apr\u00e8s plus de dix ans pass\u00e9s entre 2008 et 2019 \u00e0 la t\u00eate de ce vaste et pauvre pays sah\u00e9lien de 4,5 millions d\u2019habitants, l\u2019ancien pr\u00e9sident poursuit sa descente aux enfers sous son successeur Mohamed Ould Cheikh El Ghazouani, son ancien chef de cabinet et ministre, dont il avait pourtant pr\u00e9par\u00e9 l\u2019accession \u00e0 la pr\u00e9sidence.<\/p>\n<p class=\"has-black-color has-text-color\">M. Aziz crie au \u00ab\u00a0r\u00e8glement de comptes\u00a0\u00bb destin\u00e9 \u00e0 le tenir \u00e0 l\u2019\u00e9cart de la politique. Ses avocats affirment qu\u2019il devrait b\u00e9n\u00e9ficier de l\u2019immunit\u00e9 conf\u00e9r\u00e9e selon eux par l\u2019article 93 de la Constitution. Son successeur a constamment invoqu\u00e9 l\u2019ind\u00e9pendance de la justice.<\/p>\n<p class=\"has-black-color has-text-color\">M. Ould Abdel Aziz avait \u00e9t\u00e9 inculp\u00e9 en mars, en m\u00eame temps qu\u2019une dizaine de hautes personnalit\u00e9s, pour des faits pr\u00e9sum\u00e9s de corruption, blanchiment d\u2019argent ou encore enrichissement illicite commis pendant les ann\u00e9es o\u00f9 il dirigeait le pays.<\/p>\n<p class=\"has-black-color has-text-color\">Aziz et ses co-inculp\u00e9s, parmi lesquels un de ses gendres, deux anciens Premiers ministres et plusieurs anciens ministres et hommes d\u2019affaires, avaient alors \u00e9t\u00e9 plac\u00e9s sous contr\u00f4le judiciaire. En mai, le juge avait durci ces conditions en ordonnant son placement en r\u00e9sidence surveill\u00e9e, tout en maintenant l\u2019obligation pour lui de se pr\u00e9senter \u00e0 la police trois fois par semaine et de demander l\u2019autorisation du juge pour quitter Nouakchott.<\/p>\n<p class=\"has-black-color has-text-color\">Il y a quelques jours, M. Aziz a d\u00e9cid\u00e9 de ne plus se rendre \u00e0 la police, comme il l\u2019avait fait jusqu\u2019alors, \u00e0 pied, provoquant des attroupements. Il avait invoqu\u00e9 sur Facebook \u00ab\u00a0les brimades inflig\u00e9es aux citoyens qui m\u2019accompagnent et me t\u00e9moignent leur soutien\u00a0\u00bb.<\/p>\n<p class=\"has-black-color has-text-color\">La justice mauritanienne est saisie depuis ao\u00fbt 2020 du rapport d\u2019une commission parlementaire qui s\u2019\u00e9tait pench\u00e9e sur la gestion des revenus p\u00e9troliers sous sa pr\u00e9sidence, sur la vente de domaines de l\u2019Etat, les conditions de liquidation d\u2019une soci\u00e9t\u00e9 publique assurant l\u2019approvisionnement du pays en denr\u00e9es alimentaires ou encore les activit\u00e9s d\u2019une soci\u00e9t\u00e9 chinoise de p\u00eache.<\/p>\n<p class=\"has-black-color has-text-color\">Au moment des multiples inculpations de mars, le parquet avait annonc\u00e9 le gel ou la saisie de soci\u00e9t\u00e9s, d\u2019immeubles, de v\u00e9hicules ou de sommes d\u2019argent \u00e9valu\u00e9s sommairement \u00e0 l\u2019\u00e9quivalent de 96 millions d\u2019euros. Sur ce total, 67 millions revenaient \u00e0 l\u2019un des suspects et 21 au gendre de celui-ci, disait le parquet sans citer explicitement l\u2019ex-pr\u00e9sident.<\/p>\n<p class=\"has-black-color has-text-color\">Arriv\u00e9 au pouvoir par un coup d\u2019Etat militaire, M. Aziz a \u00e9t\u00e9 \u00e9lu en 2009 et r\u00e9\u00e9lu en 2014. M. Ghazouani, son dauphin, a \u00e9t\u00e9 \u00e9lu \u00e0 sa succession en juin 2019.<\/p>\n<p class=\"has-black-color has-text-color\">Depuis, l\u2019ex-pr\u00e9sident a perdu en d\u00e9cembre 2019 la direction de l\u2019Union pour la R\u00e9publique (UPR), parti qu\u2019il a fond\u00e9 et qui d\u00e9tient toujours une forte majorit\u00e9 au parlement. Sa disgr\u00e2ce s\u2019est acc\u00e9l\u00e9r\u00e9e en ao\u00fbt 2020 avec les interrogatoires de la police et la privation de son passeport.<\/p>\n<p class=\"has-black-color has-text-color\">M. Aziz n\u2019entend pas s\u2019en laisser compter. Il a signal\u00e9 son retour en politique en avril en int\u00e9grant un petit parti d\u2019opposition, le Ribat national. Il a aussi menac\u00e9 de se livrer \u00e0 un grand d\u00e9ballage sur les affaires de l\u2019Etat.<\/p>\n<p class=\"has-black-color has-text-color\">Il a exclu de prendre le chemin de l\u2019exil. \u00ab\u00a0Il ne faut pas qu\u2019ils pensent qu\u2019ils peuvent me faire plier (\u2026) Je ne partirai pas, ni au S\u00e9n\u00e9gal, ni au Mali, ni au Maroc, ni en Alg\u00e9rie, ni dans un quelconque autre pays et ni en France\u00a0\u00bb, disait-il en avril.<br \/>Aziz ne devrait pas \u00eatre \u00e9crou\u00e9 en prison dans l\u2019imm\u00e9diat \u00e0 cause du risque de contamination par le Covid-19, mais devrait s\u00e9journer deux semaines dans une chambre de la police, ont indiqu\u00e9 des sources proches du dossier.<\/p>\n<p>L\u2019article <a rel=\"nofollow\" href=\"http:\/\/albayane.press.ma\/lex-president-mohamed-ould-abdel-aziz-ecroue.html\">L\u2019ex-pr\u00e9sident Mohamed Ould Abdel Aziz \u00e9crou\u00e9<\/a> est apparu en premier sur <a rel=\"nofollow\" href=\"http:\/\/albayane.press.ma\/\">ALBAYANE<\/a>.<\/p>\n<\/div>\n<p>Auteur: M&rsquo;hammed rahal<br \/>\n<a href=\"http:\/\/albayane.press.ma\/lex-president-mohamed-ould-abdel-aziz-ecroue.html\">Cliquez ici pour lire l&rsquo;article depuis sa source.<\/a><\/p>\n","protected":false},"excerpt":{"rendered":"<p>Mauritanie L\u2019ex-pr\u00e9sident mauritanien Mohamed Ould Abdel Aziz a \u00e9t\u00e9 \u00e9crou\u00e9 mardi soir sur d\u00e9cision du juge charg\u00e9 d\u2019une enqu\u00eate pour corruption pr\u00e9sum\u00e9e dans laquelle l\u2019ancien chef de l\u2019Etat, au pouvoir jusqu\u2019en 2019, a \u00e9t\u00e9 inculp\u00e9 en mars, a-t-on appris aupr\u00e8s du parquet et de son parti. Un magistrat du parquet s\u2019exprimant sous couvert de l\u2019anonymat [&hellip;]<\/p>\n","protected":false},"author":1760,"featured_media":0,"comment_status":"closed","ping_status":"closed","sticky":false,"template":"","format":"standard","meta":{"fifu_image_url":"","fifu_image_alt":"","footnotes":""},"categories":[73,54],"tags":[],"class_list":["post-119392","post","type-post","status-publish","format-standard","hentry","category-actualite","category-maroc"],"_links":{"self":[{"href":"https:\/\/linitiative.ca\/International\/wp-json\/wp\/v2\/posts\/119392","targetHints":{"allow":["GET"]}}],"collection":[{"href":"https:\/\/linitiative.ca\/International\/wp-json\/wp\/v2\/posts"}],"about":[{"href":"https:\/\/linitiative.ca\/International\/wp-json\/wp\/v2\/types\/post"}],"author":[{"embeddable":true,"href":"https:\/\/linitiative.ca\/International\/wp-json\/wp\/v2\/users\/1760"}],"replies":[{"embeddable":true,"href":"https:\/\/linitiative.ca\/International\/wp-json\/wp\/v2\/comments?post=119392"}],"version-history":[{"count":0,"href":"https:\/\/linitiative.ca\/International\/wp-json\/wp\/v2\/posts\/119392\/revisions"}],"wp:attachment":[{"href":"https:\/\/linitiative.ca\/International\/wp-json\/wp\/v2\/media?parent=119392"}],"wp:term":[{"taxonomy":"category","embeddable":true,"href":"https:\/\/linitiative.ca\/International\/wp-json\/wp\/v2\/categories?post=119392"},{"taxonomy":"post_tag","embeddable":true,"href":"https:\/\/linitiative.ca\/International\/wp-json\/wp\/v2\/tags?post=119392"}],"curies":[{"name":"wp","href":"https:\/\/api.w.org\/{rel}","templated":true}]}}