{"id":119393,"date":"2021-06-23T14:00:00","date_gmt":"2021-06-23T18:00:00","guid":{"rendered":"https:\/\/linitiative.ca\/International\/washington-demande-le-retrait-des-forces-etrangeres\/"},"modified":"2021-06-23T14:00:00","modified_gmt":"2021-06-23T18:00:00","slug":"washington-demande-le-retrait-des-forces-etrangeres","status":"publish","type":"post","link":"https:\/\/linitiative.ca\/International\/washington-demande-le-retrait-des-forces-etrangeres\/","title":{"rendered":"Washington demande le retrait des forces \u00e9trang\u00e8res"},"content":{"rendered":"<div>\n<p class=\"has-text-align-center has-vivid-red-color has-text-color\"><strong>Sommet international sur la Libye<\/strong><\/p>\n<p class=\"has-black-color has-text-color\"><strong>Le secr\u00e9taire d\u2019Etat am\u00e9ricain a demand\u00e9 mercredi le retrait de Libye des troupes \u00e9trang\u00e8res, un des principaux enjeux avec la tenue d\u2019\u00e9lections d\u2019un sommet international qui se tient dans l\u2019apr\u00e8s-midi \u00e0 Berlin.<\/strong><\/p>\n<p class=\"has-black-color has-text-color\">Tous les acteurs de la r\u00e9gion et, pour la premi\u00e8re fois, le gouvernement de transition libyen vont participer \u00e0 cette conf\u00e9rence au niveau des ministres des Affaires \u00e9trang\u00e8res ou de leurs adjoints.<\/p>\n<p class=\"has-black-color has-text-color\">\u00ab\u00a0L\u2019accord de cessez-le-feu du 23 octobre doit \u00eatre pleinement mis en oeuvre, y compris par le retrait de toutes les forces \u00e9trang\u00e8res de Libye\u00a0\u00bb, a d\u00e9clar\u00e9 Antony Blinken lors d\u2019une conf\u00e9rence de presse commune \u00e0 Berlin avec son homologue allemand, Heiko Maas, juste avant l\u2019ouverture du sommet.<\/p>\n<p class=\"has-black-color has-text-color\">\u00ab\u00a0Nous partageons (avec l\u2019Allemagne) l\u2019objectif d\u2019une Libye souveraine, stable, unifi\u00e9e et s\u00fbre, libre de toute ing\u00e9rence \u00e9trang\u00e8re, c\u2019est ce que le peuple m\u00e9rite, et c\u2019est essentiel pour la s\u00e9curit\u00e9 r\u00e9gionale\u00a0\u00bb, a fait valoir le secr\u00e9taire d\u2019Etat, qui a entam\u00e9 mercredi une tourn\u00e9e europ\u00e9enne.<\/p>\n<p class=\"has-black-color has-text-color\">Le 19 janvier 2020, une premi\u00e8re conf\u00e9rence avait r\u00e9uni dans la capitale allemande, sous l\u2019\u00e9gide des Nations unies, les dirigeants des pays impliqu\u00e9s, parvenant \u00e0 un accord fragile pour mettre fin au conflit.<\/p>\n<p class=\"has-black-color has-text-color\">Dix ans apr\u00e8s le renversement de Mouammar Kadhafi, les participants feront notamment le point sur la transition politique en Libye.<\/p>\n<p class=\"has-black-color has-text-color\">Le secr\u00e9taire g\u00e9n\u00e9ral de l\u2019ONU, Antonio Guterres, devrait intervenir en vid\u00e9o.<\/p>\n<p class=\"has-black-color has-text-color\">Le principal enjeu sera de garantir la tenue simultan\u00e9e des \u00e9lections pr\u00e9sidentielle et l\u00e9gislatives le 24 d\u00e9cembre, que le gouvernement de transition, dirig\u00e9 par le Premier ministre Abdelhamid Dbeibah, doit organiser dans le cadre du processus onusien.<\/p>\n<p class=\"has-black-color has-text-color\">Des doutes subsistent n\u00e9anmoins sur la r\u00e9elle volont\u00e9 du pouvoir en place de voir se d\u00e9rouler ce scrutin.<br \/>L\u2019ancien ministre de l\u2019Int\u00e9rieur libyen Fathi Bachagha, probable candidat \u00e0 cette premi\u00e8re \u00e9lection pr\u00e9sidentielle au suffrage direct, a ainsi mis en demeure, le 2 juin, le gouvernement de ne pas retarder leur tenue.<\/p>\n<p class=\"has-black-color has-text-color\">\u00ab\u00a0Il est n\u00e9cessaire que la mission de l\u2019ONU prenne toutes les mesures en ce sens et qu\u2019elle assume ses responsabilit\u00e9s pour que les \u00e9lections se tiennent \u00e0 la date pr\u00e9vue\u00a0\u00bb, rench\u00e9rit Ahmad al-Misrari, porte-parole de l\u2019autoproclam\u00e9e Arm\u00e9e nationale libyenne (ANL), dirig\u00e9e par le mar\u00e9chal Khalifa Haftar, l\u2019homme fort de l\u2019est du pays.<\/p>\n<p class=\"has-black-color has-text-color\">Apr\u00e8s une d\u00e9cennie d\u2019\u00e9checs \u00e0 sortir la Libye du chaos, la formation du cabinet de transition au terme d\u2019un processus politique parrain\u00e9 par l\u2019ONU avait sonn\u00e9 comme l\u2019espoir que l\u2019on n\u2019attendait plus.<\/p>\n<p class=\"has-black-color has-text-color\">L\u2019Union europ\u00e9enne mise de surcro\u00eet sur le pouvoir en place pour r\u00e9gler le probl\u00e8me des migrants qui quittent les c\u00f4tes libyennes, souvent sur des embarcations surcharg\u00e9es et peu s\u00fbres, pour tenter de rejoindre l\u2019Europe.<br \/>Mais les divisions entre les deux pouvoirs rivaux, en Tripolitaine (Ouest) et en Cyr\u00e9na\u00efque (Est), ont resurgi ces derni\u00e8res semaines.<\/p>\n<p class=\"has-black-color has-text-color\">Une tr\u00eave officielle est en vigueur depuis octobre, mais l\u2019envoy\u00e9 des Nations unies pour la Libye, Jan Kubis, a lui-m\u00eame reconnu en mai que les progr\u00e8s concernant l\u2019unification des institutions divis\u00e9es et le retrait des forces \u00e9trang\u00e8res \u00e9taient au \u00ab\u00a0point mort\u00a0\u00bb.<\/p>\n<p class=\"has-black-color has-text-color\">Ce param\u00e8tre est central dans ce processus, le conflit libyen ayant \u00e9t\u00e9 largement aliment\u00e9 par des puissances ext\u00e9rieures.<\/p>\n<p class=\"has-black-color has-text-color\">\u00ab\u00a0Ceux qui avaient donn\u00e9 l\u2019engagement la derni\u00e8re fois \u00e0 Berlin de retirer leurs troupes ne l\u2019ont pas respect\u00e9\u00a0\u00bb, d\u00e9plore Heiko Maas. Une r\u00e9f\u00e9rence implicite \u00e0 la Russie, repr\u00e9sent\u00e9e \u00e0 Berlin par le vice-ministre des Affaires \u00e9trang\u00e8res Sergue\u00ef Verchinine, la Turquie ou les Emirats arabes unis.<\/p>\n<p class=\"has-black-color has-text-color\">En d\u00e9cembre, l\u2019ONU estimait \u00e0 quelque 20.000 le nombre de mercenaires et combattants \u00e9trangers en Libye: des Russes du groupe priv\u00e9 Wagner, des Tchadiens, des Soudanais ou encore des Syriens.<\/p>\n<p class=\"has-black-color has-text-color\">Plusieurs centaines de militaires turcs sont eux aussi pr\u00e9sents en vertu d\u2019un accord bilat\u00e9ral conclu avec le pr\u00e9c\u00e9dent gouvernement de Tripoli.<\/p>\n<p class=\"has-black-color has-text-color\">\u00ab\u00a0Le nombre de combattants n\u2019a pas diminu\u00e9 de mani\u00e8re significative, mais nous avons un cessez-le-feu qui est g\u00e9n\u00e9ralement accept\u00e9 et respect\u00e9 partout\u00a0\u00bb, souligne-t-on de source diplomatique.<\/p>\n<p class=\"has-black-color has-text-color\">Une dispersion brutale de ces hommes surarm\u00e9s repr\u00e9senterait toutefois une nouvelle menace pour la r\u00e9gion, craignent des diplomates de l\u2019ONU. Le pr\u00e9sident tchadien Idriss D\u00e9by Itno a ainsi trouv\u00e9 la mort en avril lors d\u2019une offensive de rebelles tchadiens venus de Libye.<\/p>\n<p>L\u2019article <a rel=\"nofollow\" href=\"http:\/\/albayane.press.ma\/washington-demande-le-retrait-des-forces-etrangeres.html\">Washington demande le retrait des forces \u00e9trang\u00e8res<\/a> est apparu en premier sur <a rel=\"nofollow\" href=\"http:\/\/albayane.press.ma\/\">ALBAYANE<\/a>.<\/p>\n<\/div>\n<p>Auteur: M&rsquo;hammed rahal<br \/>\n<a href=\"http:\/\/albayane.press.ma\/washington-demande-le-retrait-des-forces-etrangeres.html\">Cliquez ici pour lire l&rsquo;article depuis sa source.<\/a><\/p>\n","protected":false},"excerpt":{"rendered":"<p>Sommet international sur la Libye Le secr\u00e9taire d\u2019Etat am\u00e9ricain a demand\u00e9 mercredi le retrait de Libye des troupes \u00e9trang\u00e8res, un des principaux enjeux avec la tenue d\u2019\u00e9lections d\u2019un sommet international qui se tient dans l\u2019apr\u00e8s-midi \u00e0 Berlin. Tous les acteurs de la r\u00e9gion et, pour la premi\u00e8re fois, le gouvernement de transition libyen vont participer [&hellip;]<\/p>\n","protected":false},"author":1760,"featured_media":0,"comment_status":"closed","ping_status":"closed","sticky":false,"template":"","format":"standard","meta":{"fifu_image_url":"","fifu_image_alt":"","footnotes":""},"categories":[73,54],"tags":[],"class_list":["post-119393","post","type-post","status-publish","format-standard","hentry","category-actualite","category-maroc"],"_links":{"self":[{"href":"https:\/\/linitiative.ca\/International\/wp-json\/wp\/v2\/posts\/119393","targetHints":{"allow":["GET"]}}],"collection":[{"href":"https:\/\/linitiative.ca\/International\/wp-json\/wp\/v2\/posts"}],"about":[{"href":"https:\/\/linitiative.ca\/International\/wp-json\/wp\/v2\/types\/post"}],"author":[{"embeddable":true,"href":"https:\/\/linitiative.ca\/International\/wp-json\/wp\/v2\/users\/1760"}],"replies":[{"embeddable":true,"href":"https:\/\/linitiative.ca\/International\/wp-json\/wp\/v2\/comments?post=119393"}],"version-history":[{"count":0,"href":"https:\/\/linitiative.ca\/International\/wp-json\/wp\/v2\/posts\/119393\/revisions"}],"wp:attachment":[{"href":"https:\/\/linitiative.ca\/International\/wp-json\/wp\/v2\/media?parent=119393"}],"wp:term":[{"taxonomy":"category","embeddable":true,"href":"https:\/\/linitiative.ca\/International\/wp-json\/wp\/v2\/categories?post=119393"},{"taxonomy":"post_tag","embeddable":true,"href":"https:\/\/linitiative.ca\/International\/wp-json\/wp\/v2\/tags?post=119393"}],"curies":[{"name":"wp","href":"https:\/\/api.w.org\/{rel}","templated":true}]}}