{"id":119394,"date":"2021-06-23T14:00:00","date_gmt":"2021-06-23T18:00:00","guid":{"rendered":"https:\/\/linitiative.ca\/International\/armenie-la-seconde-vie-de-nikol-pachinian\/"},"modified":"2021-06-23T14:00:00","modified_gmt":"2021-06-23T18:00:00","slug":"armenie-la-seconde-vie-de-nikol-pachinian","status":"publish","type":"post","link":"https:\/\/linitiative.ca\/International\/armenie-la-seconde-vie-de-nikol-pachinian\/","title":{"rendered":"Arm\u00e9nie : La seconde vie de Nikol Pachinian"},"content":{"rendered":"<div>\n<p class=\"has-text-align-center has-vivid-cyan-blue-color has-text-color\"><strong>Attendons pour voir\u2026<\/strong><\/p>\n<p class=\"has-text-align-right has-black-color has-text-color\"><strong>Nabil El Bousaadi<\/strong><\/p>\n<p class=\"has-black-color has-text-color\"><strong>Alors que la d\u00e9b\u00e2cle de l\u2019Arm\u00e9nie dans le conflit du Haut-Karabakh qui l\u2019avait oppos\u00e9 \u00e0 l\u2019Azerba\u00efdjan, avait fait croire \u00e0 la mort politique du Premier ministre Nikol Pachinien, 46 ans, et que de nombreux arm\u00e9niens avaient m\u00eame r\u00e9clam\u00e9 sa d\u00e9mission, la donne a chang\u00e9 depuis lors et c\u2019est tout le contraire qui s\u2019est produit \u00e0 l\u2019issue des \u00e9lections l\u00e9gislatives anticip\u00e9es de ce dimanche et d\u2019une campagne \u00e9lectorale particuli\u00e8rement tendue puisque son parti \u00ab Mon pas \u00bb est parvenu \u00e0 recueillir 54% des suffrages exprim\u00e9s, bien loin devant\u00a0 \u00ab Alliance Arm\u00e9nie \u00bb de l\u2019ancien pr\u00e9sident Robert Kotcharian (1998-2008) arriv\u00e9 deuxi\u00e8me avec seulement 21% des voix.<\/strong><\/p>\n<p class=\"has-black-color has-text-color\">Mais l\u2019ancien pr\u00e9sident qui compte, parmi ses amis, un certain Vladimir Poutine, s\u2019est empress\u00e9 de d\u00e9noncer des \u00ab falsifications planifi\u00e9es \u00e0 l\u2019avance \u00bb et de clamer, haut et fort, qu\u2019il ne reconna\u00eet pas les r\u00e9sultats de ce scrutin m\u00eame si la mission d\u2019observation de l\u2019Organisation pour la S\u00e9curit\u00e9 et la Coop\u00e9ration en Europe (OSCE) a fait l\u2019\u00e9loge d\u2019une campagne \u00e9lectorale qui a \u00e9t\u00e9 \u00ab d\u00e9mocratique \u00bb, qualifi\u00e9 ces \u00e9lections de \u00ab concurrentielles et bien organis\u00e9es \u00bb et reconnu, enfin, que le d\u00e9pouillement des bulletins a \u00e9t\u00e9 \u00ab hautement transparent \u00bb. .<\/p>\n<p class=\"has-black-color has-text-color\">Autant d\u2019\u00e9l\u00e9ments qui\u00a0 pousseront, t\u00f4t ou tard, Robert Kotcharian \u00e0 se rendre \u00e0 l\u2019\u00e9vidence et \u00e0 accepter sa d\u00e9faite du moment que le Kremlin a valid\u00e9 ce scrutin et que cette validation est d\u2019autant plus importante que la s\u00e9curit\u00e9 de l\u2019Arm\u00e9nie d\u00e9pend essentiellement de la Russie qui assure une mission d\u2019interposition dans la province s\u00e9cessionniste azerba\u00efdjanaise du Haut Karabakh permettant aux arm\u00e9niens d\u2019y vivre tout en jouissant d\u2019une autonomie de fait depuis la signature de l\u2019accord de paix du 9 novembre 2020.<\/p>\n<p class=\"has-black-color has-text-color\">Ainsi, la victoire obtenue par Nikol Pachinian, qui a choisi de miser son avenir politique sur des \u00e9lections anticip\u00e9es, a d\u00e9jou\u00e9 tous les pronostics qui lui pr\u00e9disaient, dans le meilleur des cas, une \u00ab petite \u00bb victoire susceptible d\u2019entra\u00eener des tensions dans un pays qui, depuis son ind\u00e9pendance en 1991, a \u00e9t\u00e9, tr\u00e8s souvent, en proie \u00e0 la violence politique.<\/p>\n<p class=\"has-black-color has-text-color\">Il est donc clair que m\u00eame les d\u00e9\u00e7us de la politique du Premier ministre arm\u00e9nien ne se sont pas jet\u00e9s aveugl\u00e9ment dans les bras de ses opposants que sont les anciens pr\u00e9sidents Serge Sarkissian et Robert Kotcharian, r\u00e9put\u00e9s comme \u00e9tant de grands corrompus.<\/p>\n<p class=\"has-black-color has-text-color\">Autant dire qu\u2019un tel score vaut son pesant d\u2019or si l\u2019on tient compte du fait que, dans les cercles politiques d\u2019Erevan, la d\u00e9faite militaire de l\u2019automne dernier qui avait aiguis\u00e9 les haines entre le d\u00e9sir de vengeance et la volont\u00e9 de reprendre en main les destin\u00e9es d\u2019un pays en plein d\u00e9sarroi apr\u00e8s que sa souverainet\u00e9 territoriale ait \u00e9t\u00e9 s\u00e9rieusement mise \u00e0 mal, a fait perdre au dirigeant arm\u00e9nien la moiti\u00e9 de son \u00e9lectorat.<\/p>\n<p class=\"has-black-color has-text-color\">Est-ce \u00e0 dire que l\u2019esprit de la \u00ab r\u00e9volution de velours \u00bb qui avait amen\u00e9 Nikol Pachinian au pouvoir en 2018 est en train de souffler sur l\u2019Arm\u00e9nie ?<\/p>\n<p class=\"has-black-color has-text-color\">C\u2019est \u00e0 croire\u2026 mais encore faudra-t-il, \u00e0 ce dernier, doter le pays d\u2019une nouvelle doctrine g\u00e9opolitique, militaire et voire m\u00eame identitaire.<\/p>\n<p class=\"has-black-color has-text-color\">Or, de l\u2019avis de Mika\u00ebl Zolian, politologue et d\u00e9put\u00e9 sortant de la majorit\u00e9, ceci requiert qu\u2019un \u00ab travail en profondeur \u00bb soit fait \u00ab par l\u2019ensemble de la soci\u00e9t\u00e9 et, en premier lieu, par les intellectuels \u00bb et, pour cela, il incombe \u00e0 Nikol Pachinian de \u00ab cr\u00e9er \u00bb les conditions requises ; \u00e0 savoir, \u00ab stabiliser \u00bb la situation politique interne, \u00ab relancer \u00bb l\u2019\u00e9conomie et \u00ab garantir \u00bb la s\u00e9curit\u00e9 nationale. Y parviendra-t-il ? Il semble avoir toutes les cartes en main mais attendons pour voir\u2026<\/p>\n<p>L\u2019article <a rel=\"nofollow\" href=\"http:\/\/albayane.press.ma\/armenie-la-seconde-vie-de-nikol-pachinian.html\">Arm\u00e9nie : La seconde vie de Nikol Pachinian<\/a> est apparu en premier sur <a rel=\"nofollow\" href=\"http:\/\/albayane.press.ma\/\">ALBAYANE<\/a>.<\/p>\n<\/div>\n<p>Auteur: M&rsquo;hammed rahal<br \/>\n<a href=\"http:\/\/albayane.press.ma\/armenie-la-seconde-vie-de-nikol-pachinian.html\">Cliquez ici pour lire l&rsquo;article depuis sa source.<\/a><\/p>\n","protected":false},"excerpt":{"rendered":"<p>Attendons pour voir\u2026 Nabil El Bousaadi Alors que la d\u00e9b\u00e2cle de l\u2019Arm\u00e9nie dans le conflit du Haut-Karabakh qui l\u2019avait oppos\u00e9 \u00e0 l\u2019Azerba\u00efdjan, avait fait croire \u00e0 la mort politique du Premier ministre Nikol Pachinien, 46 ans, et que de nombreux arm\u00e9niens avaient m\u00eame r\u00e9clam\u00e9 sa d\u00e9mission, la donne a chang\u00e9 depuis lors et c\u2019est tout [&hellip;]<\/p>\n","protected":false},"author":1760,"featured_media":0,"comment_status":"closed","ping_status":"closed","sticky":false,"template":"","format":"standard","meta":{"fifu_image_url":"","fifu_image_alt":"","footnotes":""},"categories":[73,54],"tags":[],"class_list":["post-119394","post","type-post","status-publish","format-standard","hentry","category-actualite","category-maroc"],"_links":{"self":[{"href":"https:\/\/linitiative.ca\/International\/wp-json\/wp\/v2\/posts\/119394","targetHints":{"allow":["GET"]}}],"collection":[{"href":"https:\/\/linitiative.ca\/International\/wp-json\/wp\/v2\/posts"}],"about":[{"href":"https:\/\/linitiative.ca\/International\/wp-json\/wp\/v2\/types\/post"}],"author":[{"embeddable":true,"href":"https:\/\/linitiative.ca\/International\/wp-json\/wp\/v2\/users\/1760"}],"replies":[{"embeddable":true,"href":"https:\/\/linitiative.ca\/International\/wp-json\/wp\/v2\/comments?post=119394"}],"version-history":[{"count":0,"href":"https:\/\/linitiative.ca\/International\/wp-json\/wp\/v2\/posts\/119394\/revisions"}],"wp:attachment":[{"href":"https:\/\/linitiative.ca\/International\/wp-json\/wp\/v2\/media?parent=119394"}],"wp:term":[{"taxonomy":"category","embeddable":true,"href":"https:\/\/linitiative.ca\/International\/wp-json\/wp\/v2\/categories?post=119394"},{"taxonomy":"post_tag","embeddable":true,"href":"https:\/\/linitiative.ca\/International\/wp-json\/wp\/v2\/tags?post=119394"}],"curies":[{"name":"wp","href":"https:\/\/api.w.org\/{rel}","templated":true}]}}