{"id":119395,"date":"2021-06-23T14:02:00","date_gmt":"2021-06-23T18:02:00","guid":{"rendered":"https:\/\/linitiative.ca\/International\/des-organisations-syndicales-du-secteur-de-la-sante-soulignent-leur-engagement-pour-le-succes-du-chantier\/"},"modified":"2021-06-23T14:02:00","modified_gmt":"2021-06-23T18:02:00","slug":"des-organisations-syndicales-du-secteur-de-la-sante-soulignent-leur-engagement-pour-le-succes-du-chantier","status":"publish","type":"post","link":"https:\/\/linitiative.ca\/International\/des-organisations-syndicales-du-secteur-de-la-sante-soulignent-leur-engagement-pour-le-succes-du-chantier\/","title":{"rendered":"Des organisations syndicales du secteur de la sant\u00e9 soulignent leur engagement pour le succ\u00e8s du chantier"},"content":{"rendered":"<div>\n<p class=\"has-text-align-center has-vivid-cyan-blue-color has-text-color\"><strong>G\u00e9n\u00e9ralisation de la protection sociale<\/strong><\/p>\n<p class=\"has-text-align-left has-black-color has-text-color\"><strong>Des organisations syndicales et professionnelles du secteur de la sant\u00e9 ont soulign\u00e9, mardi \u00e0 Casablanca, leur totale adh\u00e9sion et leur plein engagement pour la r\u00e9ussite du chantier de la g\u00e9n\u00e9ralisation de la protection sociale.<\/strong><\/p>\n<p class=\"has-text-align-left has-black-color has-text-color\">Lors d\u2019une conf\u00e9rence de presse destin\u00e9e \u00e0 mettre la lumi\u00e8re sur le projet de loi 33.21 relatif \u00e0 l\u2019exercice de la m\u00e9decine, ces organisations repr\u00e9sentatives du secteur lib\u00e9ral de la sant\u00e9, ont soulign\u00e9 qu\u2019eu \u00e9gard \u00e0 la responsabilit\u00e9 qui leur incombe, elles s\u2019engagent \u00e0 contribuer \u00e0 mettre \u00e0 disposition tous les moyens pour atteindre les objectifs trac\u00e9s par le chantier de la g\u00e9n\u00e9ralisation de la protection sociale, notamment en ce qui concerne la couverture m\u00e9dicale.<\/p>\n<p class=\"has-text-align-left has-black-color has-text-color\">Le pr\u00e9sident du coll\u00e8ge syndical national des m\u00e9decins sp\u00e9cialistes priv\u00e9s (CSNMSP), Moulay Said Afif, a exprim\u00e9 la disposition de l\u2019ensemble des cadres du coll\u00e8ge et leur totale adh\u00e9sion \u00e0 tous les chantiers visant le progr\u00e8s et le d\u00e9veloppement du Royaume et qui auront une incidence positive sur les citoyens marocains.<br \/>Il a de m\u00eame r\u00e9affirm\u00e9 la mobilisation constante autour de Sa Majest\u00e9 le Roi Mohammed VI, pour contribuer au d\u00e9veloppement du r\u00e9gime de la protection sociale.<\/p>\n<p class=\"has-text-align-left has-black-color has-text-color\">Pour sa part, Redouane Semlali, pr\u00e9sident de l\u2019Association nationale des cliniques priv\u00e9es, a mis l\u2019accent sur la grande responsabilit\u00e9 des professionnels de la sant\u00e9 pour la r\u00e9ussite de ce grand chantier soci\u00e9tal, qui aura un effet b\u00e9n\u00e9fique sur la sant\u00e9 g\u00e9n\u00e9rale, soulignant que les cadres de sant\u00e9 sont invit\u00e9s \u00e0 faire des observations et soumettre des propositions relatives \u00e0 l\u2019arsenal juridique y aff\u00e9rent.<\/p>\n<p class=\"has-text-align-left has-black-color has-text-color\">Il a dans ce sens not\u00e9 que le recours aux comp\u00e9tences \u00e9trang\u00e8res est \u00e0 m\u00eame de contribuer \u00e0 combler le d\u00e9ficit du secteur en ressources humaines et \u00e0 r\u00e9pondre aux besoins de sant\u00e9 des citoyens, mais cela, a-t-il dit, doit \u00eatre encadr\u00e9 par des garanties juridiques afin de prot\u00e9ger la sant\u00e9 des Marocains.<\/p>\n<p class=\"has-text-align-left has-black-color has-text-color\">De son c\u00f4t\u00e9, le pr\u00e9sident du Syndicat national des M\u00e9decins du Secteur Lib\u00e9ral (SNMSL), Badreddine Dassouli, s\u2019est f\u00e9licit\u00e9 du recours \u00e0 des m\u00e9decins \u00e9trangers, appelant toutefois \u00e0 mettre en place des proc\u00e9dures pour s\u2019assurer de la comp\u00e9tence des m\u00e9decins \u00e9trangers qui seront amen\u00e9s \u00e0 travailler au Maroc et \u00e0 v\u00e9rifier leur exp\u00e9rience.<\/p>\n<p class=\"has-text-align-left has-black-color has-text-color\">Quant \u00e0 Jaafar Heikal, expert en \u00e9conomie de la sant\u00e9, a indiqu\u00e9 que le Maroc a en effet besoin de personnel n\u00e9cessaire pour r\u00e9pondre aux exigences des grands projets li\u00e9s \u00e0 la sant\u00e9 des citoyens.<\/p>\n<p class=\"has-text-align-left has-black-color has-text-color\">Pour ce faire, il a appel\u00e9 \u00e0 \u00ab former davantage de m\u00e9decins et cadres de sant\u00e9 afin de r\u00e9pondre aux besoins croissants en services de sant\u00e9 de qualit\u00e9 \u00bb, soulignant la n\u00e9cessit\u00e9 de se concentrer sur la r\u00e9forme des conditions d\u2019exercice de la profession afin d\u2019arr\u00eater l\u2019h\u00e9morragie de la fuite des cerveaux.<\/p>\n<p>L\u2019article <a rel=\"nofollow\" href=\"http:\/\/albayane.press.ma\/des-organisations-syndicales-du-secteur-de-la-sante-soulignent-leur-engagement-pour-le-succes-du-chantier.html\">Des organisations syndicales du secteur de la sant\u00e9 soulignent leur engagement pour le succ\u00e8s du chantier<\/a> est apparu en premier sur <a rel=\"nofollow\" href=\"http:\/\/albayane.press.ma\/\">ALBAYANE<\/a>.<\/p>\n<\/div>\n<p>Auteur: M&rsquo;hammed rahal<br \/>\n<a href=\"http:\/\/albayane.press.ma\/des-organisations-syndicales-du-secteur-de-la-sante-soulignent-leur-engagement-pour-le-succes-du-chantier.html\">Cliquez ici pour lire l&rsquo;article depuis sa source.<\/a><\/p>\n","protected":false},"excerpt":{"rendered":"<p>G\u00e9n\u00e9ralisation de la protection sociale Des organisations syndicales et professionnelles du secteur de la sant\u00e9 ont soulign\u00e9, mardi \u00e0 Casablanca, leur totale adh\u00e9sion et leur plein engagement pour la r\u00e9ussite du chantier de la g\u00e9n\u00e9ralisation de la protection sociale. Lors d\u2019une conf\u00e9rence de presse destin\u00e9e \u00e0 mettre la lumi\u00e8re sur le projet de loi 33.21 [&hellip;]<\/p>\n","protected":false},"author":1760,"featured_media":0,"comment_status":"closed","ping_status":"closed","sticky":false,"template":"","format":"standard","meta":{"fifu_image_url":"","fifu_image_alt":"","footnotes":""},"categories":[73,54],"tags":[],"class_list":["post-119395","post","type-post","status-publish","format-standard","hentry","category-actualite","category-maroc"],"_links":{"self":[{"href":"https:\/\/linitiative.ca\/International\/wp-json\/wp\/v2\/posts\/119395","targetHints":{"allow":["GET"]}}],"collection":[{"href":"https:\/\/linitiative.ca\/International\/wp-json\/wp\/v2\/posts"}],"about":[{"href":"https:\/\/linitiative.ca\/International\/wp-json\/wp\/v2\/types\/post"}],"author":[{"embeddable":true,"href":"https:\/\/linitiative.ca\/International\/wp-json\/wp\/v2\/users\/1760"}],"replies":[{"embeddable":true,"href":"https:\/\/linitiative.ca\/International\/wp-json\/wp\/v2\/comments?post=119395"}],"version-history":[{"count":0,"href":"https:\/\/linitiative.ca\/International\/wp-json\/wp\/v2\/posts\/119395\/revisions"}],"wp:attachment":[{"href":"https:\/\/linitiative.ca\/International\/wp-json\/wp\/v2\/media?parent=119395"}],"wp:term":[{"taxonomy":"category","embeddable":true,"href":"https:\/\/linitiative.ca\/International\/wp-json\/wp\/v2\/categories?post=119395"},{"taxonomy":"post_tag","embeddable":true,"href":"https:\/\/linitiative.ca\/International\/wp-json\/wp\/v2\/tags?post=119395"}],"curies":[{"name":"wp","href":"https:\/\/api.w.org\/{rel}","templated":true}]}}