{"id":119396,"date":"2021-06-24T07:55:40","date_gmt":"2021-06-24T11:55:40","guid":{"rendered":"https:\/\/linitiative.ca\/International\/tunisie-deuxieme-dialogue-de-lue-avec-le-secteur-prive\/"},"modified":"2021-06-24T07:55:40","modified_gmt":"2021-06-24T11:55:40","slug":"tunisie-deuxieme-dialogue-de-lue-avec-le-secteur-prive","status":"publish","type":"post","link":"https:\/\/linitiative.ca\/International\/tunisie-deuxieme-dialogue-de-lue-avec-le-secteur-prive\/","title":{"rendered":"Tunisie : deuxi\u00e8me Dialogue de l\u2019UE avec le secteur priv\u00e9"},"content":{"rendered":"<div>\n<div class=\"td-post-content\">\n<h2>Le mercredi 23 juin 2021 a eu lieu, \u00e0 Tunis, le deuxi\u00e8me Dialogue de l\u2019UE avec le secteur priv\u00e9. Et ce, sur le th\u00e8me de \u00ab\u00a0L\u2019internationalisation et l\u2019acc\u00e8s aux march\u00e9s internationaux de la PME en Tunisie: d\u00e9fis et opportunit\u00e9s \u00e0 l\u2019\u00e8re du post-Covid-19\u00a0\u00bb. Cet \u00e9v\u00e9nement se d\u00e9roulait dans le cadre de l\u2019action \u00ab\u00a0Du point de vue de l\u2019entreprise : s\u00e9rie de dialogues UE-Secteur priv\u00e9\u00a0\u00bb.<\/h2>\n<p>La<a href=\"http:\/\/www.leconomistemaghrebin.com\/2021\/06\/23\/covid-19-95-nouveaux-deces-3638-nouvelles-contaminations\/\" target=\"_blank\" rel=\"noopener noreferrer\">\u00a0pand\u00e9mie de Covid-19<\/a>\u00a0a durement frapp\u00e9 l\u2019\u00e9conomie tunisienne. Elle a en effet entra\u00een\u00e9 un ralentissement \u00e9conomique sans pr\u00e9c\u00e9dent. Ce qui a affect\u00e9 particuli\u00e8rement les PME. Toutefois, les entreprises qui ont moins souffert de la pand\u00e9mie sont souvent celles qui ont pu maintenir une activit\u00e9 internationale.<\/p>\n<p>Ainsi, la pr\u00e9sence internationale des entreprises est un levier strat\u00e9gique. Elle leur offre une plus grande ind\u00e9pendance. Notamment gr\u00e2ce \u00e0 une r\u00e9partition des fournisseurs\/clients sur diff\u00e9rentes zones g\u00e9ographiques.<\/p>\n<p>A cet \u00e9gard, l\u2019internationalisation constitue un facteur important permettant de soutenir la production, la distribution et les ventes. Mais aussi l\u2019activit\u00e9 des entreprises sur les march\u00e9s internationaux.<\/p>\n<p>C\u2019est autour de cette th\u00e9matique de l\u2019acc\u00e8s aux march\u00e9s internationaux et sur la base d\u2019un diagnostic partag\u00e9, qu\u2019a port\u00e9 ce dialogue th\u00e9matique franc et constructif entre la\u00a0<a href=\"https:\/\/eeas.europa.eu\/delegations\/tunisia_fr\" target=\"_blank\" rel=\"noopener noreferrer\">D\u00e9l\u00e9gation de l\u2019UE en Tunisie<\/a>\u00a0et les acteurs de l\u2019\u00e9cosyst\u00e8me de l\u2019entrepreneuriat et du financement tunisien.<\/p>\n<h2>Contribuer \u00e0 la prosp\u00e9rit\u00e9 et \u00e0 la stabilit\u00e9 de la Tunisie<\/h2>\n<p>L\u2019objectif commun de ce dialogue est de contribuer \u00e0 la prosp\u00e9rit\u00e9 et \u00e0 la stabilit\u00e9 de la Tunisie; en particulier dans le contexte de la reprise post-Covid. Et ce, en soutenant notamment le gouvernement tunisien dans la cr\u00e9ation de nouvelles opportunit\u00e9s en faveur des PME. Tout en les aidant \u00e0 conqu\u00e9rir de nouveaux march\u00e9s, dans l\u2019UE ou ailleurs.<\/p>\n<p>Parmi les points cl\u00e9s de la r\u00e9flexion et de ce diagnostic commun, on rel\u00e8ve notamment:<\/p>\n<ul>\n<li>L\u2019importance d\u2019un v\u00e9ritable accompagnement des PME tunisiennes dans leur d\u00e9marche exportation\/internationalisation sur les march\u00e9s internationaux traditionnels et de nouveaux march\u00e9s. Ainsi que la n\u00e9cessit\u00e9 de les soutenir \u00e9galement pour int\u00e9grer les chaines de valeurs globales.<\/li>\n<li>L\u2019obligation de favoriser le d\u00e9veloppement de nouveaux m\u00e9canismes de soutien aux PME. Et ce, pour leur permettre de prospecter de nouveaux march\u00e9s et d\u2019acc\u00e9der \u00e0 des services administratifs digitaux.<\/li>\n<li>La n\u00e9cessit\u00e9 de soutenir l\u2019am\u00e9lioration et le d\u00e9veloppement des infrastructures et des services de logistique et de transport. Afin de permettre aux PME d\u2019\u00eatre comp\u00e9titives sur les march\u00e9s internationaux cibles.<\/li>\n<li>Le besoin de renforcer et d\u2019am\u00e9liorer l\u2019offre publique et commerciale de solutions de financement et de couverture de risques. Lesquelles \u00e9tant en ad\u00e9quation avec les besoins sp\u00e9cifiques des entreprises exportatrices.<\/li>\n<\/ul>\n<p><em>Source : UE<\/em><\/p>\n<div class=\"td-a-rec td-a-rec-id-content_bottom  td_uid_44_60d46d823a1b3_rand td_block_template_1\"><\/div>\n<\/div>\n<footer>\n<div class=\"td-post-source-tags\">\n<ul class=\"td-tags td-post-small-box clearfix\">\n<li>\n<\/ul>\n<\/div>\n<\/footer>\n<\/div>\n<p>Auteur: L&rsquo;expert<br \/>\n<a href=\"http:\/\/lexpertjournal.net\/fr\/?p=20495\">Cliquez ici pour lire l&rsquo;article depuis sa source.<\/a><\/p>\n","protected":false},"excerpt":{"rendered":"<p>Le mercredi 23 juin 2021 a eu lieu, \u00e0 Tunis, le deuxi\u00e8me Dialogue de l\u2019UE avec le secteur priv\u00e9. Et ce, sur le th\u00e8me de \u00ab\u00a0L\u2019internationalisation et l\u2019acc\u00e8s aux march\u00e9s internationaux de la PME en Tunisie: d\u00e9fis et opportunit\u00e9s \u00e0 l\u2019\u00e8re du post-Covid-19\u00a0\u00bb. Cet \u00e9v\u00e9nement se d\u00e9roulait dans le cadre de l\u2019action \u00ab\u00a0Du point de [&hellip;]<\/p>\n","protected":false},"author":1775,"featured_media":0,"comment_status":"closed","ping_status":"closed","sticky":false,"template":"","format":"standard","meta":{"fifu_image_url":"","fifu_image_alt":"","footnotes":""},"categories":[78,55],"tags":[],"class_list":["post-119396","post","type-post","status-publish","format-standard","hentry","category-economie","category-tunisie"],"_links":{"self":[{"href":"https:\/\/linitiative.ca\/International\/wp-json\/wp\/v2\/posts\/119396","targetHints":{"allow":["GET"]}}],"collection":[{"href":"https:\/\/linitiative.ca\/International\/wp-json\/wp\/v2\/posts"}],"about":[{"href":"https:\/\/linitiative.ca\/International\/wp-json\/wp\/v2\/types\/post"}],"author":[{"embeddable":true,"href":"https:\/\/linitiative.ca\/International\/wp-json\/wp\/v2\/users\/1775"}],"replies":[{"embeddable":true,"href":"https:\/\/linitiative.ca\/International\/wp-json\/wp\/v2\/comments?post=119396"}],"version-history":[{"count":0,"href":"https:\/\/linitiative.ca\/International\/wp-json\/wp\/v2\/posts\/119396\/revisions"}],"wp:attachment":[{"href":"https:\/\/linitiative.ca\/International\/wp-json\/wp\/v2\/media?parent=119396"}],"wp:term":[{"taxonomy":"category","embeddable":true,"href":"https:\/\/linitiative.ca\/International\/wp-json\/wp\/v2\/categories?post=119396"},{"taxonomy":"post_tag","embeddable":true,"href":"https:\/\/linitiative.ca\/International\/wp-json\/wp\/v2\/tags?post=119396"}],"curies":[{"name":"wp","href":"https:\/\/api.w.org\/{rel}","templated":true}]}}