{"id":119397,"date":"2021-06-24T07:57:46","date_gmt":"2021-06-24T11:57:46","guid":{"rendered":"https:\/\/linitiative.ca\/International\/les-employes-de-mazarine-en-chomage-technique\/"},"modified":"2021-06-24T07:57:46","modified_gmt":"2021-06-24T11:57:46","slug":"les-employes-de-mazarine-en-chomage-technique","status":"publish","type":"post","link":"https:\/\/linitiative.ca\/International\/les-employes-de-mazarine-en-chomage-technique\/","title":{"rendered":"Les employ\u00e9s de Mazarine en ch\u00f4mage technique"},"content":{"rendered":"<div>\n<p>Trois semaines apr\u00e8s avoir \u00e9t\u00e9 contrainte d\u2019arr\u00eater sa production suite \u00e0 l\u2019envahissement de son site de production \u00e0 El Fawar (K\u00e9bili) \u00a0par un de ses ex-employ\u00e9s et les membres de sa famille qui le soutiennent, la direction de la compagnie \u00e9nerg\u00e9tique Mazarine a d\u00e9cid\u00e9 d\u2019entrer en ch\u00f4mage technique \u00e0 partir du lundi 21 juin 2021.<\/p>\n<p>\u00a0<\/p>\n<p>Devant la passivit\u00e9 \u00e9tonnante du gouvernement qui n\u2019est pas arriv\u00e9 \u00e0 assurer son site de production et devant ce cas de force majeure d\u2019une gravit\u00e9 incontestable dans lequel les protestataires ne veulent rien entendre pour laisser la soci\u00e9t\u00e9 reprendre son activit\u00e9, la direction a d\u00e9cid\u00e9 dans un premier temps de suspendre son activit\u00e9 et de fermer le site \u00e0 K\u00e9bili, puis de fermer son si\u00e8ge centrale \u00e0 Tunis et d\u2019entrer en ch\u00f4mage technique.<\/p>\n<p>\u00a0<\/p>\n<p>Les malheureux salari\u00e9s risquent ainsi de retrouver sans salaires \u00e0 cause d\u2019un employ\u00e9 licenci\u00e9 pour de graves \u00e9carts disciplinaires qui exigent sa r\u00e9int\u00e9gration ou son recrutement en tant qu\u2019enseignant \u00a0au minist\u00e8re de l\u2019\u00e9ducation nationale<\/p>\n<p>\u00a0<\/p>\n<p>Il est inutile de rappeler\u00a0qu\u2019en plus des pertes colossales subies quotidiennement \u00a0par cette compagnie, l\u2019Etat Tunisien enregistre un manque \u00e0 gagner d\u2019environ 75 000 dollars de recettes par jour \u00e0 cause de ce blocage.<\/p>\n<\/div>\n<p>Auteur: L&rsquo;expert<br \/>\n<a href=\"http:\/\/lexpertjournal.net\/fr\/?p=20498\">Cliquez ici pour lire l&rsquo;article depuis sa source.<\/a><\/p>\n","protected":false},"excerpt":{"rendered":"<p>Trois semaines apr\u00e8s avoir \u00e9t\u00e9 contrainte d\u2019arr\u00eater sa production suite \u00e0 l\u2019envahissement de son site de production \u00e0 El Fawar (K\u00e9bili) \u00a0par un de ses ex-employ\u00e9s et les membres de sa famille qui le soutiennent, la direction de la compagnie \u00e9nerg\u00e9tique Mazarine a d\u00e9cid\u00e9 d\u2019entrer en ch\u00f4mage technique \u00e0 partir du lundi 21 juin 2021. [&hellip;]<\/p>\n","protected":false},"author":1775,"featured_media":0,"comment_status":"closed","ping_status":"closed","sticky":false,"template":"","format":"standard","meta":{"fifu_image_url":"","fifu_image_alt":"","footnotes":""},"categories":[78,55],"tags":[],"class_list":["post-119397","post","type-post","status-publish","format-standard","hentry","category-economie","category-tunisie"],"_links":{"self":[{"href":"https:\/\/linitiative.ca\/International\/wp-json\/wp\/v2\/posts\/119397","targetHints":{"allow":["GET"]}}],"collection":[{"href":"https:\/\/linitiative.ca\/International\/wp-json\/wp\/v2\/posts"}],"about":[{"href":"https:\/\/linitiative.ca\/International\/wp-json\/wp\/v2\/types\/post"}],"author":[{"embeddable":true,"href":"https:\/\/linitiative.ca\/International\/wp-json\/wp\/v2\/users\/1775"}],"replies":[{"embeddable":true,"href":"https:\/\/linitiative.ca\/International\/wp-json\/wp\/v2\/comments?post=119397"}],"version-history":[{"count":0,"href":"https:\/\/linitiative.ca\/International\/wp-json\/wp\/v2\/posts\/119397\/revisions"}],"wp:attachment":[{"href":"https:\/\/linitiative.ca\/International\/wp-json\/wp\/v2\/media?parent=119397"}],"wp:term":[{"taxonomy":"category","embeddable":true,"href":"https:\/\/linitiative.ca\/International\/wp-json\/wp\/v2\/categories?post=119397"},{"taxonomy":"post_tag","embeddable":true,"href":"https:\/\/linitiative.ca\/International\/wp-json\/wp\/v2\/tags?post=119397"}],"curies":[{"name":"wp","href":"https:\/\/api.w.org\/{rel}","templated":true}]}}