{"id":119398,"date":"2021-06-24T08:38:53","date_gmt":"2021-06-24T12:38:53","guid":{"rendered":"https:\/\/linitiative.ca\/International\/les-hommes-daffaires-tunisiens-invites-a-investir-en-cote-divoire-et-en-afrique\/"},"modified":"2021-06-24T08:38:53","modified_gmt":"2021-06-24T12:38:53","slug":"les-hommes-daffaires-tunisiens-invites-a-investir-en-cote-divoire-et-en-afrique","status":"publish","type":"post","link":"https:\/\/linitiative.ca\/International\/les-hommes-daffaires-tunisiens-invites-a-investir-en-cote-divoire-et-en-afrique\/","title":{"rendered":"Les hommes d\u2019affaires tunisiens invit\u00e9s \u00e0 investir en C\u00f4te d\u2019Ivoire et en Afrique"},"content":{"rendered":"<div>\n<div class=\"td-post-content\">\n<h2>Kandia Camara, ministre d\u2019Etat, ministre des affaires \u00e9trang\u00e8res, de l\u2019int\u00e9gration africaine et de la diaspora de la R\u00e9publique de C\u00f4te d\u2019Ivoire a lanc\u00e9, jeudi un appel aux hommes d\u2019affaires tunisiens \u00e0 investir dans son pays dans le domaine de la transformation des mati\u00e8res premi\u00e8res.<\/h2>\n<p>\u00ab\u00a0La C\u00f4te d\u2019Ivoire a d\u00e9cid\u00e9 de restructurer son \u00e9conomie en se basant sur la transformation des mati\u00e8res premi\u00e8res et nous appelons les hommes d\u2019affaires tunisiens \u00e0 venir nombreux dans notre pays pour nous aider \u00e0 transformer nos mati\u00e8res premi\u00e8res ce qui va permettre la transformation structurelle de l\u2019\u00e9conomie ivoirienne\u00a0\u00bb, a-t-elle dit dans une d\u00e9claration aux m\u00e9dias en marge de la conf\u00e9rence internationale \u00ab\u00a0FINANCING INVESTMENT &amp; TRADE IN AFRICA\u00bb FITA 2021 qui se tient les 25 et 26 juin \u00e0 Tunis.<\/p>\n<p>Et d\u2019ajouter : \u00ab\u00a0Nous appelons aussi les hommes d\u2019affaires ivoiriens \u00e0 investir en Tunisie dans le cadre d\u2019un partenariat gagnant\/gagnant\u00a0\u00bb. Selon Camara, pour se d\u00e9velopper le continent Africain a besoin d\u2019investissements et par cons\u00e9quent de financements. Cet \u00e9v\u00e9nement est une opportunit\u00e9 importante pour le secteur priv\u00e9 africain. Ce secteur cherche\u00a0 \u00e0 financer ses projets. Surtout en ce moment o\u00f9 l\u2019Afrique est en train de mettre en place la zone de libre-\u00e9change continentale (<a href=\"http:\/\/www.leconomistemaghrebin.com\/2021\/03\/29\/zlecaf-quel-impact-attendu-sur-les-exportations-tunisiennes\/\" target=\"_blank\" rel=\"noopener noreferrer\">ZLECAF<\/a>) qui repr\u00e9sente un march\u00e9 tr\u00e8s prometteur de plus d\u2019un milliard 300 millions d\u2019habitants, a-t-elle encore affirm\u00e9.<\/p>\n<p>En effet, la Tunisie accompagne la C\u00f4te d\u2019Ivoire dans plusieurs projets dans plusieurs secteurs. Il s\u2019agir de l\u2019infrastructure routi\u00e8re, la sant\u00e9, l\u2019agriculture, l\u2019\u00e9ducation et l\u2019enseignement sup\u00e9rieur. Rappelle-t-elle.<\/p>\n<p>Pour sa part, Salifo Tiemtor\u00e9, ministre de la jeunesse, de la promotion de l\u2019entrepreneuriat et de l\u2019emploi au Burkina Faso a soulign\u00e9 l\u2019importance de cette rencontre dans l\u2019\u00e9change des bonnes pratiques et des exp\u00e9riences notamment en mati\u00e8re d\u2019entrepreneuriat et de cr\u00e9ation d\u2019emplois.<\/p>\n<h2>Nous avons annuellement entre 150 et 200 mille nouveaux demandeurs<\/h2>\n<p>\u00ab\u00a0Au Burkina Faso, nous avons annuellement entre 150 et 200 mille nouveaux demandeurs d\u2019emploi et la seule solution c\u2019est de les inciter \u00e0 cr\u00e9er leurs propres startups et projets \u00e9tant donn\u00e9 que les m\u00e9canismes d\u2019emploi actuellement disponibles ne peuvent pas r\u00e9pondre \u00e0 tous ces besoins\u00a0\u00bb, a-t-il dit.<\/p>\n<p>Un programme de partenariat avec la Tunisie est actuellement en cours de finalisation. Ce programme vise \u00e0 aider les exportateurs tunisiens \u00e0 int\u00e9grer le march\u00e9 africain. \u00ab\u00a0Ce programme ambitieux sera annonc\u00e9 tr\u00e8s prochainement\u00a0\u00bb. Affirme, Aymen Kacem, responsable \u00e0 l\u2019ITFC (Soci\u00e9t\u00e9 Islamique Internationale de Financement du Commerce).<\/p>\n<p>Selon Anis Jaziri, pr\u00e9sident du<a href=\"http:\/\/tabc.org.tn\/\" target=\"_blank\" rel=\"noopener noreferrer\">\u00a0Conseil d\u2019affaires tuniso-africain (TABC)<\/a>, plus de 70 entreprises tunisiennes sont actuellement install\u00e9es \u00e0 Abidjan. Elles \u0153uvrent dans plusieurs domaines comme l\u2019infrastructure, les services, l\u2019industrie alimentaire et l\u2019industrie pharmaceutique.<\/p>\n<p><em>\u00a0 \u00a0 \u00a0 \u00a0 \u00a0 \u00a0 \u00a0 \u00a0 \u00a0 \u00a0 \u00a0 \u00a0 \u00a0 \u00a0 \u00a0 \u00a0 \u00a0 \u00a0 \u00a0 \u00a0 \u00a0 \u00a0 \u00a0 \u00a0 \u00a0 \u00a0 \u00a0 \u00a0 \u00a0 \u00a0 \u00a0 \u00a0 \u00a0 \u00a0 \u00a0 \u00a0 \u00a0 \u00a0 \u00a0 \u00a0 \u00a0 \u00a0 \u00a0 \u00a0 \u00a0 \u00a0 \u00a0 \u00a0 \u00a0 \u00a0 \u00a0 \u00a0 \u00a0 \u00a0 \u00a0 \u00a0 Avec TAP<\/em><\/p>\n<div class=\"td-a-rec td-a-rec-id-content_bottom  td_uid_44_60d47c95efe03_rand td_block_template_1\"><\/div>\n<\/div>\n<footer>\n<div class=\"td-post-source-tags\">\n<ul class=\"td-tags td-post-small-box clearfix\">\n<li>\n<\/ul>\n<\/div>\n<\/footer>\n<\/div>\n<p>Auteur: L&rsquo;expert<br \/>\n<a href=\"http:\/\/lexpertjournal.net\/fr\/?p=20501\">Cliquez ici pour lire l&rsquo;article depuis sa source.<\/a><\/p>\n","protected":false},"excerpt":{"rendered":"<p>Kandia Camara, ministre d\u2019Etat, ministre des affaires \u00e9trang\u00e8res, de l\u2019int\u00e9gration africaine et de la diaspora de la R\u00e9publique de C\u00f4te d\u2019Ivoire a lanc\u00e9, jeudi un appel aux hommes d\u2019affaires tunisiens \u00e0 investir dans son pays dans le domaine de la transformation des mati\u00e8res premi\u00e8res. \u00ab\u00a0La C\u00f4te d\u2019Ivoire a d\u00e9cid\u00e9 de restructurer son \u00e9conomie en se [&hellip;]<\/p>\n","protected":false},"author":1775,"featured_media":0,"comment_status":"closed","ping_status":"closed","sticky":false,"template":"","format":"standard","meta":{"fifu_image_url":"","fifu_image_alt":"","footnotes":""},"categories":[78,55],"tags":[],"class_list":["post-119398","post","type-post","status-publish","format-standard","hentry","category-economie","category-tunisie"],"_links":{"self":[{"href":"https:\/\/linitiative.ca\/International\/wp-json\/wp\/v2\/posts\/119398","targetHints":{"allow":["GET"]}}],"collection":[{"href":"https:\/\/linitiative.ca\/International\/wp-json\/wp\/v2\/posts"}],"about":[{"href":"https:\/\/linitiative.ca\/International\/wp-json\/wp\/v2\/types\/post"}],"author":[{"embeddable":true,"href":"https:\/\/linitiative.ca\/International\/wp-json\/wp\/v2\/users\/1775"}],"replies":[{"embeddable":true,"href":"https:\/\/linitiative.ca\/International\/wp-json\/wp\/v2\/comments?post=119398"}],"version-history":[{"count":0,"href":"https:\/\/linitiative.ca\/International\/wp-json\/wp\/v2\/posts\/119398\/revisions"}],"wp:attachment":[{"href":"https:\/\/linitiative.ca\/International\/wp-json\/wp\/v2\/media?parent=119398"}],"wp:term":[{"taxonomy":"category","embeddable":true,"href":"https:\/\/linitiative.ca\/International\/wp-json\/wp\/v2\/categories?post=119398"},{"taxonomy":"post_tag","embeddable":true,"href":"https:\/\/linitiative.ca\/International\/wp-json\/wp\/v2\/tags?post=119398"}],"curies":[{"name":"wp","href":"https:\/\/api.w.org\/{rel}","templated":true}]}}