{"id":119405,"date":"2021-06-23T16:46:03","date_gmt":"2021-06-23T20:46:03","guid":{"rendered":"https:\/\/linitiative.ca\/International\/oujda-conference-sur-lintelligence-artificielle-en-juillet\/"},"modified":"2021-06-23T16:46:03","modified_gmt":"2021-06-23T20:46:03","slug":"oujda-conference-sur-lintelligence-artificielle-en-juillet","status":"publish","type":"post","link":"https:\/\/linitiative.ca\/International\/oujda-conference-sur-lintelligence-artificielle-en-juillet\/","title":{"rendered":"Oujda : Conf\u00e9rence sur l\u2019intelligence artificielle en juillet"},"content":{"rendered":"<div>\n<div style=\"margin-bottom:20px;\"><img loading=\"lazy\" decoding=\"async\" width=\"750\" height=\"430\" src=\"https:\/\/linitiative.ca\/International\/wp-content\/uploads\/sites\/23\/2021\/06\/logo-de-lEST-Oujda-750C397430-DR.jpg\" class=\"attachment-post-thumbnail size-post-thumbnail wp-post-image\" alt=\"\" srcset=\"https:\/\/linitiative.ca\/International\/wp-content\/uploads\/sites\/23\/2021\/06\/logo-de-lEST-Oujda-750C397430-DR.jpg 750w, http:\/\/www.mapoujda.ma\/map\/uploads\/2021\/06\/logo-de-lEST-Oujda-750\u00d7430-DR-300x172.jpg 300w\" sizes=\"auto, (max-width: 750px) 100vw, 750px\"><\/div>\n<p style=\"text-align: justify;\">L\u2019Ecole sup\u00e9rieure de technologie d\u2019Oujda, relevant de l\u2019Universit\u00e9 Mohammed Premier, organise, du 8 au 10 juillet prochain sous format num\u00e9rique, la premi\u00e8re \u00e9dition de la Conf\u00e9rence internationale sur l\u2019intelligence artificielle et les applications intelligentes (AISA\u201921).<\/p>\n<p style=\"text-align: justify;\">La conf\u00e9rence vise \u00e0 partager les exp\u00e9riences et les recherches dans les domaines de l\u2019intelligence artificielle, des syst\u00e8mes de l\u2019internet des objets, des applications intelligentes et des nouvelles technologies, indique un document des organisateurs.<\/p>\n<p style=\"text-align: justify;\">Cette rencontre se veut un forum de discussion et d\u2019\u00e9change entre chercheurs, \u00e9tudiants, ing\u00e9nieurs, acteurs de l\u2019industrie et de l\u2019innovation et d\u00e9cideurs, en vue de renforcer les connaissances aussi bien dans les aspects pratiques que th\u00e9oriques de l\u2019intelligence artificielle et l\u2019internet des objets dans des domaines tels que l\u2019industrie, la sant\u00e9, la maison intelligente, la ville intelligente, le transport et l\u2019agriculture.<\/p>\n<p>L\u2019article <a rel=\"nofollow\" href=\"http:\/\/www.mapoujda.ma\/fr\/oujda-conference-sur-lintelligence-artificielle-en-juillet\/\">Oujda : Conf\u00e9rence sur l\u2019intelligence artificielle en juillet<\/a> est apparu en premier sur <a rel=\"nofollow\" href=\"http:\/\/www.mapoujda.ma\/fr\">MapOujda<\/a>.<\/p>\n<\/div>\n<p>Auteur: Soufiane ELAHMAR<br \/>\n<a href=\"http:\/\/www.mapoujda.ma\/fr\/oujda-conference-sur-lintelligence-artificielle-en-juillet\/\">Cliquez ici pour lire l&rsquo;article depuis sa source.<\/a><\/p>\n","protected":false},"excerpt":{"rendered":"<p>L\u2019Ecole sup\u00e9rieure de technologie d\u2019Oujda, relevant de l\u2019Universit\u00e9 Mohammed Premier, organise, du 8 au 10 juillet prochain sous format num\u00e9rique, la premi\u00e8re \u00e9dition de la Conf\u00e9rence internationale sur l\u2019intelligence artificielle et les applications intelligentes (AISA\u201921). La conf\u00e9rence vise \u00e0 partager les exp\u00e9riences et les recherches dans les domaines de l\u2019intelligence artificielle, des syst\u00e8mes de l\u2019internet [&hellip;]<\/p>\n","protected":false},"author":1788,"featured_media":0,"comment_status":"closed","ping_status":"closed","sticky":false,"template":"","format":"standard","meta":{"fifu_image_url":"http:\/\/www.mapoujda.ma\/map\/uploads\/2021\/06\/logo-de-lEST-Oujda-750\u00d7430-DR.jpg","fifu_image_alt":"Oujda : Conf\u00e9rence sur l\u2019intelligence artificielle en juillet","footnotes":""},"categories":[54,76],"tags":[],"class_list":["post-119405","post","type-post","status-publish","format-standard","hentry","category-maroc","category-regions"],"_links":{"self":[{"href":"https:\/\/linitiative.ca\/International\/wp-json\/wp\/v2\/posts\/119405","targetHints":{"allow":["GET"]}}],"collection":[{"href":"https:\/\/linitiative.ca\/International\/wp-json\/wp\/v2\/posts"}],"about":[{"href":"https:\/\/linitiative.ca\/International\/wp-json\/wp\/v2\/types\/post"}],"author":[{"embeddable":true,"href":"https:\/\/linitiative.ca\/International\/wp-json\/wp\/v2\/users\/1788"}],"replies":[{"embeddable":true,"href":"https:\/\/linitiative.ca\/International\/wp-json\/wp\/v2\/comments?post=119405"}],"version-history":[{"count":0,"href":"https:\/\/linitiative.ca\/International\/wp-json\/wp\/v2\/posts\/119405\/revisions"}],"wp:attachment":[{"href":"https:\/\/linitiative.ca\/International\/wp-json\/wp\/v2\/media?parent=119405"}],"wp:term":[{"taxonomy":"category","embeddable":true,"href":"https:\/\/linitiative.ca\/International\/wp-json\/wp\/v2\/categories?post=119405"},{"taxonomy":"post_tag","embeddable":true,"href":"https:\/\/linitiative.ca\/International\/wp-json\/wp\/v2\/tags?post=119405"}],"curies":[{"name":"wp","href":"https:\/\/api.w.org\/{rel}","templated":true}]}}