{"id":119407,"date":"2021-06-24T10:54:18","date_gmt":"2021-06-24T14:54:18","guid":{"rendered":"https:\/\/linitiative.ca\/International\/lancement-du-programme-amjad-pour-accompagner-les-sportifs-scolarises\/"},"modified":"2021-06-24T10:54:18","modified_gmt":"2021-06-24T14:54:18","slug":"lancement-du-programme-amjad-pour-accompagner-les-sportifs-scolarises","status":"publish","type":"post","link":"https:\/\/linitiative.ca\/International\/lancement-du-programme-amjad-pour-accompagner-les-sportifs-scolarises\/","title":{"rendered":"Lancement du programme \u00ab\u00a0Amjad\u00a0\u00bb pour accompagner les sportifs scolaris\u00e9s"},"content":{"rendered":"<div>\n<div style=\"margin-bottom:20px;\"><img loading=\"lazy\" decoding=\"async\" width=\"750\" height=\"430\" src=\"https:\/\/linitiative.ca\/International\/wp-content\/uploads\/sites\/23\/2021\/06\/SiC3A8ge-MinistC3A8re-de-lu2019C389ducation-Nationale-750C397430-MAP-1.jpg\" class=\"attachment-post-thumbnail size-post-thumbnail wp-post-image\" alt=\"\" srcset=\"https:\/\/linitiative.ca\/International\/wp-content\/uploads\/sites\/23\/2021\/06\/SiC3A8ge-MinistC3A8re-de-lu2019C389ducation-Nationale-750C397430-MAP-1.jpg 750w, http:\/\/www.mapoujda.ma\/map\/uploads\/2021\/06\/Si\u00e8ge-Minist\u00e8re-de-lu2019\u00c9ducation-Nationale-750\u00d7430-MAP-300x172.jpg 300w\" sizes=\"auto, (max-width: 750px) 100vw, 750px\"><\/div>\n<p style=\"text-align: justify;\">Le programme \u00ab\u00a0Amjad\u00a0\u00bb, destin\u00e9 \u00e0 accompagner les \u00e9l\u00e8ves et les \u00e9tudiants sportifs, a \u00e9t\u00e9 lanc\u00e9, mercredi, \u00e0 Rabat, dans le cadre d\u2019une action conjointe du minist\u00e8re de l\u2019Education nationale, de la formation professionnelle, de l\u2019enseignement sup\u00e9rieur et de la recherche scientifique et de l\u2019Association des ambassadeurs du sport au Maroc.<\/p>\n<p style=\"text-align: justify;\">Le programme, qui s\u2019\u00e9tend sur trois ans, accorde une place centrale au soutien de ces athl\u00e8tes dans leur scolarit\u00e9 et pr\u00e9voit la recherche de partenaires potentiels dispos\u00e9s \u00e0 contribuer \u00e0 la promotion du sport scolaire et universitaire, indique un communiqu\u00e9 du minist\u00e8re.<\/p>\n<p style=\"text-align: justify;\">Lanc\u00e9 au cours d\u2019une rencontre nationale organis\u00e9e par ce d\u00e9partement en comm\u00e9moration de la Journ\u00e9e internationale olympique, le programme \u0153uvrera \u00e0 organiser des comp\u00e9titions sportives, des activit\u00e9s culturelles et des sessions de formation, en appui au rayonnement des athl\u00e8tes scolaris\u00e9s aux plans national et international.<\/p>\n<p style=\"text-align: justify;\">L\u2019organisation de cette rencontre traduit l\u2019int\u00e9r\u00eat que porte le minist\u00e8re au d\u00e9veloppement de la pratique du sport, eu \u00e9gard \u00e0 son importance dans la formation des jeunes g\u00e9n\u00e9rations, \u00e0 l\u2019acquisition d\u2019une bonne hygi\u00e8ne de vie et \u00e0 la pr\u00e9vention des causes de la d\u00e9linquance.<\/p>\n<p style=\"text-align: justify;\">La manifestation, plac\u00e9e sous le th\u00e8me \u201cLes champions sportifs au service du sport scolaire et universitaire\u201d, vient consacrer l\u2019ouverture de ce d\u00e9partement sur les diff\u00e9rents acteurs int\u00e9ress\u00e9s par la promotion du sport scolaire et universitaire.<\/p>\n<p style=\"text-align: justify;\">En marge de cette rencontre, le minist\u00e8re, l\u2019Association des ambassadeurs du sport, la F\u00e9d\u00e9ration royale marocaine du sport scolaire et la F\u00e9d\u00e9ration royale marocaine du sport universitaire ont sign\u00e9 deux conventions de coop\u00e9ration et de partenariat.<\/p>\n<p style=\"text-align: justify;\">La manifestation a \u00e9t\u00e9, en outre, marqu\u00e9e par la c\u00e9l\u00e9bration des \u00e9l\u00e8ves et des \u00e9tudiants qui se sont illustr\u00e9s au cours de la saison 2020\/2021, ainsi que par l\u2019hommage rendu aux 10 meilleurs candidats au baccalaur\u00e9at au niveau national et aux \u00e9l\u00e8ves ayant obtenu la meilleure moyenne g\u00e9n\u00e9rale au niveau de chaque Acad\u00e9mie r\u00e9gionale.<\/p>\n<p>L\u2019article <a rel=\"nofollow\" href=\"http:\/\/www.mapoujda.ma\/fr\/lancement-du-programme-amjad-pour-accompagner-les-sportifs-scolarises\/\">Lancement du programme \u00ab\u00a0Amjad\u00a0\u00bb pour accompagner les sportifs scolaris\u00e9s<\/a> est apparu en premier sur <a rel=\"nofollow\" href=\"http:\/\/www.mapoujda.ma\/fr\">MapOujda<\/a>.<\/p>\n<\/div>\n<p>Auteur: Soufiane ELAHMAR<br \/>\n<a href=\"http:\/\/www.mapoujda.ma\/fr\/lancement-du-programme-amjad-pour-accompagner-les-sportifs-scolarises\/\">Cliquez ici pour lire l&rsquo;article depuis sa source.<\/a><\/p>\n","protected":false},"excerpt":{"rendered":"<p>Le programme \u00ab\u00a0Amjad\u00a0\u00bb, destin\u00e9 \u00e0 accompagner les \u00e9l\u00e8ves et les \u00e9tudiants sportifs, a \u00e9t\u00e9 lanc\u00e9, mercredi, \u00e0 Rabat, dans le cadre d\u2019une action conjointe du minist\u00e8re de l\u2019Education nationale, de la formation professionnelle, de l\u2019enseignement sup\u00e9rieur et de la recherche scientifique et de l\u2019Association des ambassadeurs du sport au Maroc. Le programme, qui s\u2019\u00e9tend sur [&hellip;]<\/p>\n","protected":false},"author":1788,"featured_media":0,"comment_status":"closed","ping_status":"closed","sticky":false,"template":"","format":"standard","meta":{"fifu_image_url":"http:\/\/www.mapoujda.ma\/map\/uploads\/2021\/06\/Si\u00e8ge-Minist\u00e8re-de-lu2019\u00c9ducation-Nationale-750\u00d7430-MAP.jpg","fifu_image_alt":"Lancement du programme \u00ab\u00a0Amjad\u00a0\u00bb pour accompagner les sportifs scolaris\u00e9s","footnotes":""},"categories":[54,76],"tags":[],"class_list":["post-119407","post","type-post","status-publish","format-standard","hentry","category-maroc","category-regions"],"_links":{"self":[{"href":"https:\/\/linitiative.ca\/International\/wp-json\/wp\/v2\/posts\/119407","targetHints":{"allow":["GET"]}}],"collection":[{"href":"https:\/\/linitiative.ca\/International\/wp-json\/wp\/v2\/posts"}],"about":[{"href":"https:\/\/linitiative.ca\/International\/wp-json\/wp\/v2\/types\/post"}],"author":[{"embeddable":true,"href":"https:\/\/linitiative.ca\/International\/wp-json\/wp\/v2\/users\/1788"}],"replies":[{"embeddable":true,"href":"https:\/\/linitiative.ca\/International\/wp-json\/wp\/v2\/comments?post=119407"}],"version-history":[{"count":0,"href":"https:\/\/linitiative.ca\/International\/wp-json\/wp\/v2\/posts\/119407\/revisions"}],"wp:attachment":[{"href":"https:\/\/linitiative.ca\/International\/wp-json\/wp\/v2\/media?parent=119407"}],"wp:term":[{"taxonomy":"category","embeddable":true,"href":"https:\/\/linitiative.ca\/International\/wp-json\/wp\/v2\/categories?post=119407"},{"taxonomy":"post_tag","embeddable":true,"href":"https:\/\/linitiative.ca\/International\/wp-json\/wp\/v2\/tags?post=119407"}],"curies":[{"name":"wp","href":"https:\/\/api.w.org\/{rel}","templated":true}]}}