{"id":119409,"date":"2021-06-24T11:39:19","date_gmt":"2021-06-24T15:39:19","guid":{"rendered":"https:\/\/linitiative.ca\/International\/conference-a-nador-sur-le-nouveau-modele-de-developpement\/"},"modified":"2021-06-24T11:39:19","modified_gmt":"2021-06-24T15:39:19","slug":"conference-a-nador-sur-le-nouveau-modele-de-developpement","status":"publish","type":"post","link":"https:\/\/linitiative.ca\/International\/conference-a-nador-sur-le-nouveau-modele-de-developpement\/","title":{"rendered":"Conf\u00e9rence \u00e0 Nador sur le nouveau mod\u00e8le de d\u00e9veloppement"},"content":{"rendered":"<div>\n<div style=\"margin-bottom:20px;\"><img loading=\"lazy\" decoding=\"async\" width=\"750\" height=\"430\" src=\"https:\/\/linitiative.ca\/International\/wp-content\/uploads\/sites\/23\/2021\/06\/assouplissement-des-mesures-du-confinement-sanitaire-C3A0-Oujda-M750C397430-MAP.jpg\" class=\"attachment-post-thumbnail size-post-thumbnail wp-post-image\" alt=\"\" srcset=\"https:\/\/linitiative.ca\/International\/wp-content\/uploads\/sites\/23\/2021\/06\/assouplissement-des-mesures-du-confinement-sanitaire-C3A0-Oujda-M750C397430-MAP.jpg 750w, http:\/\/www.mapoujda.ma\/map\/uploads\/2020\/06\/assouplissement-des-mesures-du-confinement-sanitaire-\u00e0-Oujda-M750\u00d7430-MAP-300x172.jpg 300w\" sizes=\"auto, (max-width: 750px) 100vw, 750px\"><\/div>\n<p style=\"text-align: justify;\">La Fondation des amis de Figuig a organis\u00e9, r\u00e9cemment \u00e0 Nador, un s\u00e9minaire sur le th\u00e8me \u00able Nouveau mod\u00e8le de d\u00e9veloppement (NMD), quel r\u00f4le pour la soci\u00e9t\u00e9 civile ?\u00bb.<\/p>\n<p style=\"text-align: justify;\">Cette rencontre a pour but de contribuer de mani\u00e8re effective et responsable \u00e0 la concr\u00e9tisation du NMD en tant que projet national, dans le cadre des r\u00f4les constitutionnels accord\u00e9s \u00e0 la soci\u00e9t\u00e9 civile, indique un communiqu\u00e9 des organisateurs.<\/p>\n<p style=\"text-align: justify;\">Il s\u2019agit de mobiliser l\u2019ensemble des acteurs de la soci\u00e9t\u00e9, notamment au niveau de la r\u00e9gion de l\u2019Oriental, en vue de lib\u00e9rer les \u00e9nergies et d\u2019adh\u00e9rer de fa\u00e7on consciente et positive dans ce grand chantier national, a-t-on ajout\u00e9.<\/p>\n<p style=\"text-align: justify;\">Les participants ont abord\u00e9 notamment les questions de la place et des r\u00f4les de la soci\u00e9t\u00e9 civile dans le NMD, les moyens de mettre en \u0153uvre les recommandations du rapport sur le NMD au niveau de la r\u00e9gion de l\u2019Oriental et les m\u00e9canismes de coordination \u00e0 mettre en place entre les acteurs associatifs de cette r\u00e9gion en vue d\u2019accompagner ce mod\u00e8le de d\u00e9veloppement.<\/p>\n<p>L\u2019article <a rel=\"nofollow\" href=\"http:\/\/www.mapoujda.ma\/fr\/conference-a-nador-sur-le-nouveau-modele-de-developpement\/\">Conf\u00e9rence \u00e0 Nador sur le nouveau mod\u00e8le de d\u00e9veloppement<\/a> est apparu en premier sur <a rel=\"nofollow\" href=\"http:\/\/www.mapoujda.ma\/fr\">MapOujda<\/a>.<\/p>\n<\/div>\n<p>Auteur: Soufiane ELAHMAR<br \/>\n<a href=\"http:\/\/www.mapoujda.ma\/fr\/conference-a-nador-sur-le-nouveau-modele-de-developpement\/\">Cliquez ici pour lire l&rsquo;article depuis sa source.<\/a><\/p>\n","protected":false},"excerpt":{"rendered":"<p>La Fondation des amis de Figuig a organis\u00e9, r\u00e9cemment \u00e0 Nador, un s\u00e9minaire sur le th\u00e8me \u00able Nouveau mod\u00e8le de d\u00e9veloppement (NMD), quel r\u00f4le pour la soci\u00e9t\u00e9 civile ?\u00bb. Cette rencontre a pour but de contribuer de mani\u00e8re effective et responsable \u00e0 la concr\u00e9tisation du NMD en tant que projet national, dans le cadre des [&hellip;]<\/p>\n","protected":false},"author":1788,"featured_media":0,"comment_status":"closed","ping_status":"closed","sticky":false,"template":"","format":"standard","meta":{"fifu_image_url":"http:\/\/www.mapoujda.ma\/map\/uploads\/2020\/06\/assouplissement-des-mesures-du-confinement-sanitaire-\u00e0-Oujda-M750\u00d7430-MAP.jpg","fifu_image_alt":"Conf\u00e9rence \u00e0 Nador sur le nouveau mod\u00e8le de d\u00e9veloppement","footnotes":""},"categories":[54,76],"tags":[],"class_list":["post-119409","post","type-post","status-publish","format-standard","hentry","category-maroc","category-regions"],"_links":{"self":[{"href":"https:\/\/linitiative.ca\/International\/wp-json\/wp\/v2\/posts\/119409","targetHints":{"allow":["GET"]}}],"collection":[{"href":"https:\/\/linitiative.ca\/International\/wp-json\/wp\/v2\/posts"}],"about":[{"href":"https:\/\/linitiative.ca\/International\/wp-json\/wp\/v2\/types\/post"}],"author":[{"embeddable":true,"href":"https:\/\/linitiative.ca\/International\/wp-json\/wp\/v2\/users\/1788"}],"replies":[{"embeddable":true,"href":"https:\/\/linitiative.ca\/International\/wp-json\/wp\/v2\/comments?post=119409"}],"version-history":[{"count":0,"href":"https:\/\/linitiative.ca\/International\/wp-json\/wp\/v2\/posts\/119409\/revisions"}],"wp:attachment":[{"href":"https:\/\/linitiative.ca\/International\/wp-json\/wp\/v2\/media?parent=119409"}],"wp:term":[{"taxonomy":"category","embeddable":true,"href":"https:\/\/linitiative.ca\/International\/wp-json\/wp\/v2\/categories?post=119409"},{"taxonomy":"post_tag","embeddable":true,"href":"https:\/\/linitiative.ca\/International\/wp-json\/wp\/v2\/tags?post=119409"}],"curies":[{"name":"wp","href":"https:\/\/api.w.org\/{rel}","templated":true}]}}