{"id":119411,"date":"2021-06-24T11:42:33","date_gmt":"2021-06-24T15:42:33","guid":{"rendered":"https:\/\/linitiative.ca\/International\/berkane-formation-a-la-securite-routiere-et-aux-premiers-secours\/"},"modified":"2021-06-24T11:42:33","modified_gmt":"2021-06-24T15:42:33","slug":"berkane-formation-a-la-securite-routiere-et-aux-premiers-secours","status":"publish","type":"post","link":"https:\/\/linitiative.ca\/International\/berkane-formation-a-la-securite-routiere-et-aux-premiers-secours\/","title":{"rendered":"Berkane : formation \u00e0 la s\u00e9curit\u00e9 routi\u00e8re et aux premiers secours"},"content":{"rendered":"<div>\n<div style=\"margin-bottom:20px;\"><img loading=\"lazy\" decoding=\"async\" width=\"750\" height=\"430\" src=\"https:\/\/linitiative.ca\/International\/wp-content\/uploads\/sites\/23\/2021\/06\/Chauffeur-dun-autobus-M750C397430-MAP.jpg\" class=\"attachment-post-thumbnail size-post-thumbnail wp-post-image\" alt=\"\" srcset=\"https:\/\/linitiative.ca\/International\/wp-content\/uploads\/sites\/23\/2021\/06\/Chauffeur-dun-autobus-M750C397430-MAP.jpg 750w, http:\/\/www.mapoujda.ma\/map\/uploads\/2020\/04\/Chauffeur-dun-autobus-M750\u00d7430-MAP-300x172.jpg 300w\" sizes=\"auto, (max-width: 750px) 100vw, 750px\"><\/div>\n<p style=\"text-align: justify;\">La section r\u00e9gionale de l\u2019Oriental de l\u2019Agence nationale de la s\u00e9curit\u00e9 routi\u00e8re (NARSA) a organis\u00e9, r\u00e9cemment \u00e0 Berkane, des sessions de formation dans les domaines de la s\u00e9curit\u00e9 routi\u00e8re et des premiers secours, au profit des conducteurs professionnels de la province de Berkane.<\/p>\n<p style=\"text-align: justify;\">Cette initiative, tenue en partenariat avec le Conseil provincial de Berkane et en coordination avec l\u2019Association de volontariat en secourisme et sauvetage, s\u2019est d\u00e9roul\u00e9e au Centre Al Fadl de d\u00e9veloppement humain avec la participation de conducteurs professionnels actifs notamment dans le transport scolaire, le transport international routier de marchandises et les taxis de deuxi\u00e8me cat\u00e9gorie.<\/p>\n<p style=\"text-align: justify;\">La session de formation, marqu\u00e9e par des ateliers pratiques, s\u2019est cl\u00f4tur\u00e9e par la remise de certificats de participation et par des hommages \u00e0 l\u2019ensemble des intervenants dans cette initiative.<\/p>\n<p>L\u2019article <a rel=\"nofollow\" href=\"http:\/\/www.mapoujda.ma\/fr\/berkane-formation-a-la-securite-routiere-et-aux-premiers-secours\/\">Berkane : formation \u00e0 la s\u00e9curit\u00e9 routi\u00e8re et aux premiers secours<\/a> est apparu en premier sur <a rel=\"nofollow\" href=\"http:\/\/www.mapoujda.ma\/fr\">MapOujda<\/a>.<\/p>\n<\/div>\n<p>Auteur: Soufiane ELAHMAR<br \/>\n<a href=\"http:\/\/www.mapoujda.ma\/fr\/berkane-formation-a-la-securite-routiere-et-aux-premiers-secours\/\">Cliquez ici pour lire l&rsquo;article depuis sa source.<\/a><\/p>\n","protected":false},"excerpt":{"rendered":"<p>La section r\u00e9gionale de l\u2019Oriental de l\u2019Agence nationale de la s\u00e9curit\u00e9 routi\u00e8re (NARSA) a organis\u00e9, r\u00e9cemment \u00e0 Berkane, des sessions de formation dans les domaines de la s\u00e9curit\u00e9 routi\u00e8re et des premiers secours, au profit des conducteurs professionnels de la province de Berkane. Cette initiative, tenue en partenariat avec le Conseil provincial de Berkane et [&hellip;]<\/p>\n","protected":false},"author":1788,"featured_media":0,"comment_status":"closed","ping_status":"closed","sticky":false,"template":"","format":"standard","meta":{"fifu_image_url":"http:\/\/www.mapoujda.ma\/map\/uploads\/2020\/04\/Chauffeur-dun-autobus-M750\u00d7430-MAP.jpg","fifu_image_alt":"Berkane : formation \u00e0 la s\u00e9curit\u00e9 routi\u00e8re et aux premiers secours","footnotes":""},"categories":[54,76],"tags":[],"class_list":["post-119411","post","type-post","status-publish","format-standard","hentry","category-maroc","category-regions"],"_links":{"self":[{"href":"https:\/\/linitiative.ca\/International\/wp-json\/wp\/v2\/posts\/119411","targetHints":{"allow":["GET"]}}],"collection":[{"href":"https:\/\/linitiative.ca\/International\/wp-json\/wp\/v2\/posts"}],"about":[{"href":"https:\/\/linitiative.ca\/International\/wp-json\/wp\/v2\/types\/post"}],"author":[{"embeddable":true,"href":"https:\/\/linitiative.ca\/International\/wp-json\/wp\/v2\/users\/1788"}],"replies":[{"embeddable":true,"href":"https:\/\/linitiative.ca\/International\/wp-json\/wp\/v2\/comments?post=119411"}],"version-history":[{"count":0,"href":"https:\/\/linitiative.ca\/International\/wp-json\/wp\/v2\/posts\/119411\/revisions"}],"wp:attachment":[{"href":"https:\/\/linitiative.ca\/International\/wp-json\/wp\/v2\/media?parent=119411"}],"wp:term":[{"taxonomy":"category","embeddable":true,"href":"https:\/\/linitiative.ca\/International\/wp-json\/wp\/v2\/categories?post=119411"},{"taxonomy":"post_tag","embeddable":true,"href":"https:\/\/linitiative.ca\/International\/wp-json\/wp\/v2\/tags?post=119411"}],"curies":[{"name":"wp","href":"https:\/\/api.w.org\/{rel}","templated":true}]}}