{"id":119413,"date":"2021-06-24T11:46:58","date_gmt":"2021-06-24T15:46:58","guid":{"rendered":"https:\/\/linitiative.ca\/International\/conference-sur-les-systeme-denergie-et-la-technologie-automobile\/"},"modified":"2021-06-24T11:46:58","modified_gmt":"2021-06-24T15:46:58","slug":"conference-sur-les-systeme-denergie-et-la-technologie-automobile","status":"publish","type":"post","link":"https:\/\/linitiative.ca\/International\/conference-sur-les-systeme-denergie-et-la-technologie-automobile\/","title":{"rendered":"Conf\u00e9rence sur les syst\u00e8me d\u2019\u00e9nergie et la technologie automobile"},"content":{"rendered":"<div>\n<div style=\"margin-bottom:20px;\"><img loading=\"lazy\" decoding=\"async\" width=\"750\" height=\"430\" src=\"https:\/\/linitiative.ca\/International\/wp-content\/uploads\/sites\/23\/2021\/06\/webinaire-M750C397430-MAP.jpg\" class=\"attachment-post-thumbnail size-post-thumbnail wp-post-image\" alt=\"\" srcset=\"https:\/\/linitiative.ca\/International\/wp-content\/uploads\/sites\/23\/2021\/06\/webinaire-M750C397430-MAP.jpg 750w, http:\/\/www.mapoujda.ma\/map\/uploads\/2020\/06\/webinaire-M750\u00d7430-MAP-300x172.jpg 300w\" sizes=\"auto, (max-width: 750px) 100vw, 750px\"><\/div>\n<p style=\"text-align: justify;\">L\u2019Ecole sup\u00e9rieure de technologie d\u2019Oujda, relevant de l\u2019Universit\u00e9 Mohammed Premier, organise les 25 et 26 juin courant, la premi\u00e8re \u00e9dition de la Conf\u00e9rence internationale sur les syst\u00e8mes d\u2019\u00e9nergie m\u00e9caniques et industriels et la technologie automobile (ICMIESAT 2021).<\/p>\n<p style=\"text-align: justify;\">Cet \u00e9v\u00e8nement se veut une plateforme d\u2019\u00e9change et de discussion entre acad\u00e9miciens, ing\u00e9nieurs et chercheurs en industrie, notamment dans le domaine de l\u2019ing\u00e9nierie \u00e9lectrique, m\u00e9canique et automobile, afin de partager les derni\u00e8res nouveaut\u00e9s et prospecter de nouveaux domaines de recherche, indiquent les organisateurs.<\/p>\n<p style=\"text-align: justify;\">Il s\u2019agit aussi d\u2019une occasion pour discuter les plus r\u00e9centes innovations, tendances et solutions ainsi que les d\u00e9fis dans ce domaine, pr\u00e9cise-t-on.<\/p>\n<p>L\u2019article <a rel=\"nofollow\" href=\"http:\/\/www.mapoujda.ma\/fr\/conference-sur-les-systeme-denergie-et-la-technologie-automobile\/\">Conf\u00e9rence sur les syst\u00e8me d\u2019\u00e9nergie et la technologie automobile<\/a> est apparu en premier sur <a rel=\"nofollow\" href=\"http:\/\/www.mapoujda.ma\/fr\">MapOujda<\/a>.<\/p>\n<\/div>\n<p>Auteur: Soufiane ELAHMAR<br \/>\n<a href=\"http:\/\/www.mapoujda.ma\/fr\/conference-sur-les-systeme-denergie-et-la-technologie-automobile\/\">Cliquez ici pour lire l&rsquo;article depuis sa source.<\/a><\/p>\n","protected":false},"excerpt":{"rendered":"<p>L\u2019Ecole sup\u00e9rieure de technologie d\u2019Oujda, relevant de l\u2019Universit\u00e9 Mohammed Premier, organise les 25 et 26 juin courant, la premi\u00e8re \u00e9dition de la Conf\u00e9rence internationale sur les syst\u00e8mes d\u2019\u00e9nergie m\u00e9caniques et industriels et la technologie automobile (ICMIESAT 2021). Cet \u00e9v\u00e8nement se veut une plateforme d\u2019\u00e9change et de discussion entre acad\u00e9miciens, ing\u00e9nieurs et chercheurs en industrie, notamment [&hellip;]<\/p>\n","protected":false},"author":1788,"featured_media":0,"comment_status":"closed","ping_status":"closed","sticky":false,"template":"","format":"standard","meta":{"fifu_image_url":"http:\/\/www.mapoujda.ma\/map\/uploads\/2020\/06\/webinaire-M750\u00d7430-MAP.jpg","fifu_image_alt":"Conf\u00e9rence sur les syst\u00e8me d\u2019\u00e9nergie et la technologie automobile","footnotes":""},"categories":[54,76],"tags":[],"class_list":["post-119413","post","type-post","status-publish","format-standard","hentry","category-maroc","category-regions"],"_links":{"self":[{"href":"https:\/\/linitiative.ca\/International\/wp-json\/wp\/v2\/posts\/119413","targetHints":{"allow":["GET"]}}],"collection":[{"href":"https:\/\/linitiative.ca\/International\/wp-json\/wp\/v2\/posts"}],"about":[{"href":"https:\/\/linitiative.ca\/International\/wp-json\/wp\/v2\/types\/post"}],"author":[{"embeddable":true,"href":"https:\/\/linitiative.ca\/International\/wp-json\/wp\/v2\/users\/1788"}],"replies":[{"embeddable":true,"href":"https:\/\/linitiative.ca\/International\/wp-json\/wp\/v2\/comments?post=119413"}],"version-history":[{"count":0,"href":"https:\/\/linitiative.ca\/International\/wp-json\/wp\/v2\/posts\/119413\/revisions"}],"wp:attachment":[{"href":"https:\/\/linitiative.ca\/International\/wp-json\/wp\/v2\/media?parent=119413"}],"wp:term":[{"taxonomy":"category","embeddable":true,"href":"https:\/\/linitiative.ca\/International\/wp-json\/wp\/v2\/categories?post=119413"},{"taxonomy":"post_tag","embeddable":true,"href":"https:\/\/linitiative.ca\/International\/wp-json\/wp\/v2\/tags?post=119413"}],"curies":[{"name":"wp","href":"https:\/\/api.w.org\/{rel}","templated":true}]}}