{"id":119418,"date":"2021-06-24T09:27:55","date_gmt":"2021-06-24T13:27:55","guid":{"rendered":"https:\/\/linitiative.ca\/International\/nouveau-classement-pour-lumsba-de-fes\/"},"modified":"2021-06-24T09:27:55","modified_gmt":"2021-06-24T13:27:55","slug":"nouveau-classement-pour-lumsba-de-fes","status":"publish","type":"post","link":"https:\/\/linitiative.ca\/International\/nouveau-classement-pour-lumsba-de-fes\/","title":{"rendered":"Nouveau classement pour l\u2019UMSBA de F\u00e8s"},"content":{"rendered":"<div>\n<div class=\"field field-name-body field-type-text-with-summary field-label-hidden\">\n<div class=\"field-items\">\n<div class=\"field-item even\" property=\"content:encoded\">\n<p class=\"rtejustify\">Le classement international des jeunes universit\u00e9s (universit\u00e9s de moins de cinquante ans d\u2019\u00e2ge) vient de d\u00e9voiler son palmar\u00e8s des meilleures universit\u00e9s au monde bas\u00e9es sur 5 indicateurs majeurs la formation, la recherche, les citations, la visibilit\u00e9 \u00e0 l\u2019international et le transfert du savoir.<\/p>\n<\/div>\n<\/div>\n<\/div>\n<\/div>\n<p>Auteur: mbasraoui<br \/>\n<a href=\"https:\/\/www.leconomiste.com\/flash-infos\/nouveau-classement-pour-l-umsba-de-fes\">Cliquez ici pour lire l&rsquo;article depuis sa source.<\/a><\/p>\n","protected":false},"excerpt":{"rendered":"<p>Le classement international des jeunes universit\u00e9s (universit\u00e9s de moins de cinquante ans d\u2019\u00e2ge) vient de d\u00e9voiler son palmar\u00e8s des meilleures universit\u00e9s au monde bas\u00e9es sur 5 indicateurs majeurs la formation, la recherche, les citations, la visibilit\u00e9 \u00e0 l\u2019international et le transfert du savoir. Auteur: mbasraoui Cliquez ici pour lire l&rsquo;article depuis sa source.<\/p>\n","protected":false},"author":1763,"featured_media":0,"comment_status":"closed","ping_status":"closed","sticky":false,"template":"","format":"standard","meta":{"fifu_image_url":"","fifu_image_alt":"","footnotes":""},"categories":[78,54],"tags":[],"class_list":["post-119418","post","type-post","status-publish","format-standard","hentry","category-economie","category-maroc"],"_links":{"self":[{"href":"https:\/\/linitiative.ca\/International\/wp-json\/wp\/v2\/posts\/119418","targetHints":{"allow":["GET"]}}],"collection":[{"href":"https:\/\/linitiative.ca\/International\/wp-json\/wp\/v2\/posts"}],"about":[{"href":"https:\/\/linitiative.ca\/International\/wp-json\/wp\/v2\/types\/post"}],"author":[{"embeddable":true,"href":"https:\/\/linitiative.ca\/International\/wp-json\/wp\/v2\/users\/1763"}],"replies":[{"embeddable":true,"href":"https:\/\/linitiative.ca\/International\/wp-json\/wp\/v2\/comments?post=119418"}],"version-history":[{"count":0,"href":"https:\/\/linitiative.ca\/International\/wp-json\/wp\/v2\/posts\/119418\/revisions"}],"wp:attachment":[{"href":"https:\/\/linitiative.ca\/International\/wp-json\/wp\/v2\/media?parent=119418"}],"wp:term":[{"taxonomy":"category","embeddable":true,"href":"https:\/\/linitiative.ca\/International\/wp-json\/wp\/v2\/categories?post=119418"},{"taxonomy":"post_tag","embeddable":true,"href":"https:\/\/linitiative.ca\/International\/wp-json\/wp\/v2\/tags?post=119418"}],"curies":[{"name":"wp","href":"https:\/\/api.w.org\/{rel}","templated":true}]}}