{"id":119427,"date":"2021-06-24T05:48:59","date_gmt":"2021-06-24T09:48:59","guid":{"rendered":"https:\/\/linitiative.ca\/International\/flambee-de-covid-19-en-europe-et-en-amerique-latine-malgre-la-vaccination-le-variant-delta-preoccupe-le-monde\/"},"modified":"2021-06-24T05:48:59","modified_gmt":"2021-06-24T09:48:59","slug":"flambee-de-covid-19-en-europe-et-en-amerique-latine-malgre-la-vaccination-le-variant-delta-preoccupe-le-monde","status":"publish","type":"post","link":"https:\/\/linitiative.ca\/International\/flambee-de-covid-19-en-europe-et-en-amerique-latine-malgre-la-vaccination-le-variant-delta-preoccupe-le-monde\/","title":{"rendered":"Flamb\u00e9e de Covid-19 en Europe et en Am\u00e9rique Latine malgr\u00e9 la vaccination : Le variant Delta pr\u00e9occupe le monde"},"content":{"rendered":"<div>\n<div class=\"sriret\"><img loading=\"lazy\" decoding=\"async\" width=\"900\" height=\"600\" src=\"https:\/\/linitiative.ca\/International\/wp-content\/uploads\/sites\/23\/2021\/06\/covid-europe-e1624541334259.gif\" class=\"attachment-featured_large size-featured_large wp-post-image\" alt=\"\" style=\"margin-bottom: 15px;\"><\/div>\n<p class=\"p4\"><span class=\"s2\"><b>Le variant Delta (anciennement d\u00e9nomm\u00e9 variant indien ou encore B.1.617.2, mais aussi VOC-21APR-02 ou G\/478K.V1), apparu en Inde, est bien parti pour devenir le variant dominant \u00e0 l\u2019\u00e9chelle mondiale, selon l\u2019OMS.<\/b><\/span><\/p>\n<p class=\"p4\"><span class=\"s1\"><b>L<\/b><\/span><span class=\"s1\">e coronavirus continue de faire des ravages dans de nombreux pays qui subissent une troisi\u00e8me, voire une quatri\u00e8me vague \u00e9pid\u00e9mique marqu\u00e9e par la virulence des variants, signal\u00e9s notamment au Royaume-Uni, au Portugal et en Russie o\u00f9 la souche Delta (variant indien) avance dangereusement, tandis que le Br\u00e9sil essuie d\u2019importantes pertes humaines li\u00e9es \u00e0 l\u2019avanc\u00e9e du variant Gamma.<\/span><\/p>\n<p class=\"p7\"><span class=\"s1\">Le continent africain est, quant \u00e0 lui, aux prises avec les variants Delta (indien) et Beta (sud-africain).<\/span><\/p>\n<p class=\"p7\"><span class=\"s1\">Le variant Delta (anciennement d\u00e9nomm\u00e9 variant indien ou encore B.1.617.2, mais aussi VOC-21APR-02 ou G\/478K.V1) apparu en Inde est bien parti pour devenir le variant dominant \u00e0 l\u2019\u00e9chelle mondiale, selon l\u2019OMS. Les \u00e9pid\u00e9miologistes britanniques ont observ\u00e9 le remplacement rapide du variant Alpha (B.1.1.7, dit \u00abanglais\u00bb) par le variant Delta (dit \u00abindien\u00bb).<\/span><\/p>\n<p class=\"p7\"><span class=\"s1\">Outre son caract\u00e8re contagieux (60% plus contaminant que le Covid-19), plusieurs travaux en laboratoire montrent que le variant Delta semble r\u00e9sister davantage aux vaccins.<\/span><\/p>\n<p class=\"p7\"><span class=\"s1\">L\u2019augmentation des cas de ce variant concerne en grande partie les groupes d\u2019\u00e2ge plus jeunes, dont beaucoup ne sont pas vaccin\u00e9s ou viennent tout juste de recevoir leur premi\u00e8re dose, a d\u00e9clar\u00e9 Public Health England.<\/span><\/p>\n<p class=\"p7\"><span class=\"s1\">Selon l\u2019\u00e9tude r\u00e9alis\u00e9e par cet organisme, 42 323 cas (soit 29 892 de plus qu\u2019il y a une semaine) de ce variant, identifi\u00e9 en Inde et pr\u00e9sent dans une cinquantaine de pays, ont \u00e9t\u00e9 d\u00e9tect\u00e9s au Royaume-Uni, o\u00f9 il repr\u00e9sente aujourd\u2019hui plus de 90% des nouveaux cas.<\/span><\/p>\n<p class=\"p7\"><span class=\"s1\">Il s\u2019av\u00e8re ainsi, selon les \u00e9tudes r\u00e9alis\u00e9es en Angleterre par le Public Health England, que la pr\u00e9valence est cinq fois plus importante parmi les 5-12 ans (0,35%) et les 18-24 ans (0,36%) par rapport aux personnes \u00e2g\u00e9es de 65 ans et plus.<\/span><\/p>\n<p class=\"p7\"><span class=\"s1\">En date du 14 juin 2021, selon la base de donn\u00e9es g\u00e9nomiques \u00abGisaid\u00bb, 61 autres pays \u00e9taient touch\u00e9s par ce variant. La propagation du variant Delta est \u00e9galement probl\u00e9matique au Portugal. D\u2019apr\u00e8s les donn\u00e9es disponibles sur Gisaid, sur les quatre derni\u00e8res semaines, 77% des contaminations seraient li\u00e9es au variant Delta dans ce pays.<\/span><\/p>\n<p class=\"p7\"><span class=\"s1\">Frapp\u00e9 de plein fouet par le variant Alpha (dit britannique) en d\u00e9but d\u2019ann\u00e9e, le Portugal se retrouve ainsi \u00e0 nouveau en premi\u00e8re ligne face \u00e0 la souche Delta, qui menace de provoquer une quatri\u00e8me vague de contagions et de restrictions.<\/span><\/p>\n<p class=\"p7\"><span class=\"s1\">Il repr\u00e9sente d\u00e9sormais plus de 60% des nouveaux cas d\u00e9tect\u00e9s au Portugal, selon l\u2019Institut national portugais de sant\u00e9 (Insa).<\/span><\/p>\n<p class=\"p7\"><span class=\"s1\">Avec un nombre de nouveaux cas par jour en hausse de 54% au cours de la semaine \u00e9coul\u00e9e par rapport aux sept jours pr\u00e9c\u00e9dents, le Portugal est le pays d\u2019Europe o\u00f9 l\u2019\u00e9pid\u00e9mie de Covid-19 progresse avec le plus de virulence, devant le Royaume-Uni, selon les donn\u00e9es collect\u00e9es par l\u2019AFP aupr\u00e8s des autorit\u00e9s nationales.<\/span><\/p>\n<p class=\"p7\"><span class=\"s1\">En Russie, pr\u00e8s de 84% des s\u00e9quences d\u00e9pos\u00e9es ces quatre derni\u00e8res semaines correspondent \u00e9galement au variant Delta. Ce chiffre est de 10,17% pour les Etats-Unis, de 10,1% pour l\u2019Espagne, de 7,75% pour l\u2019Italie.<\/span><\/p>\n<p class=\"p7\"><strong><span class=\"s1\">Br\u00e9sil\u00a0: le variant Gamma<\/span><\/strong><\/p>\n<p class=\"p8\"><span class=\"s1\">Le Br\u00e9sil se dirige, lui aussi, vers une troisi\u00e8me vague \u00e9pid\u00e9mique. La barre symbolique des 500\u00a0000 morts dus \u00e0 la pand\u00e9mie a \u00e9t\u00e9 franchie samedi 19 juin.<\/span><\/p>\n<p class=\"p7\"><span class=\"s1\">Le nombre moyen de d\u00e9c\u00e8s y d\u00e9passe d\u00e9sormais les 2000 par jour, soit une augmentation de 24% par rapport \u00e0 d\u00e9but juin, marquant un retour aux niveaux dramatiques d\u2019avril, mois le plus meurtrier de la pand\u00e9mie, au cours duquel plus de 82 000 Br\u00e9siliens sont morts de Covid-19, selon les chiffres officiels.<\/span><\/p>\n<p class=\"p7\"><span class=\"s1\">Selon les experts, l\u2019acc\u00e9l\u00e9ration de l\u2019\u00e9pid\u00e9mie serait due \u00e0 la circulation du variant Gamma (dit variant br\u00e9silien), d\u00e9crit comme plus transmissible, et apparu dans la r\u00e9gion de Manaus (Amazonie) en d\u00e9cembre 2020. Celui-ci repr\u00e9senterait d\u00e9sormais pr\u00e8s de 90% des contaminations dans l\u2019Etat de Sao Paulo, selon l\u2019Institut Butantan \u2013 \u00e9quivalent local de l\u2019Institut Pasteur.<\/span><\/p>\n<p class=\"p7\"><span class=\"s1\">Ce dernier a \u00e9galement identifi\u00e9 dix-neuf nouvelles souches en circulation dans ce m\u00eame Etat. De plus, le pays, qui vient de rentrer en hiver, s\u2019attend \u00e0 souffrir encore plus dans les prochains mois.<\/span><\/p>\n<p class=\"p7\"><span class=\"s1\">Dans le continent africain, l\u2019\u00e9volution est particuli\u00e8rement pr\u00e9occupante, car elle est, l\u00e0 encore, en partie li\u00e9e \u00e0 la propagation des variants, beaucoup plus contagieux. Le variant Delta, d\u00e9tect\u00e9 en Inde, est d\u00e9sormais pr\u00e9sent dans 14 pays, tandis que les variants Alpha et B\u00eata (identifi\u00e9s au Royaume-Uni et en Afrique du Sud) circulent respectivement dans 30 et 29 pays sur 55.<\/span><\/p>\n<p class=\"p7\"><span class=\"s1\">Selon l\u2019OMS, cette hausse s\u2019explique \u00e9galement par une m\u00e9t\u00e9orologie saisonni\u00e8re plus froide en Afrique australe, qui favorise les contaminations, mais aussi d\u00fb au respect insuffisant des mesures sanitaires. Plus de 40% des nouveaux cas ont ainsi \u00e9t\u00e9 d\u00e9clar\u00e9s en Afrique du Sud.<\/span><\/p>\n<p class=\"p7\"><span class=\"s1\">Selon les donn\u00e9es collect\u00e9es par l\u2019OMS, il y a eu en Afrique 116 500 infections nouvelles lors de la semaine arr\u00eat\u00e9e au 13 juin, soit 25 500 de plus que la semaine pr\u00e9c\u00e9dente.<\/span><\/p>\n<p class=\"p7\"><span class=\"s1\">Dans certains pays, les infections ont doubl\u00e9 et s\u2019affichent en hausse de plus de 50% dans d\u2019autres. Sur le continent, seulement 1% de la population est pleinement vaccin\u00e9e.<\/span><\/p>\n<p class=\"p7\"><span class=\"s1\">Il est \u00e0 noter, par ailleurs, que depuis la mi-mai, la situation \u00e9pid\u00e9mique se d\u00e9grade en Tunisie. Alors que le pays a lev\u00e9 la plupart des restrictions \u00e0 l\u2019approche de la saison touristique, except\u00e9 le couvre-feu de 22h \u00e0 5h, plusieurs dizaines de personnes meurent de Covid-19 chaque jour et plus de 2000 nouveaux cas quotidiens sont recens\u00e9s, des chiffres qui se rapprochent du pic de l\u2019\u00e9pid\u00e9mie du mois de janvier.\u00a0<\/span><\/p>\n<blockquote>\n<p class=\"p10\"><strong><span class=\"s3\">L\u2019OMS rebaptise les variants de la Covid<\/span><\/strong><\/p>\n<p class=\"p11\"><span class=\"s2\">Ayant pour souci de d\u2019\u00e9viter que le grand public et les m\u00e9dias utilisent des appellations <i>\u00abstigmatisantes et discriminatoires\u00bb<\/i> \u00e0 l\u2019encontre des pays concern\u00e9s, l\u2019Organisation mondiale de la sant\u00e9 (OMS), a d\u00e9cid\u00e9 de donner ce qu\u2019on a jusqu\u2019alors l\u2019habitude d\u2019appeler variants <i>\u00abindien\u00bb, \u00abbritannique\u00bb \u00abbr\u00e9silien\u00bb<\/i> des lettres grecques.<\/span><\/p>\n<p class=\"p11\"><span class=\"s2\">Ainsi, le variant B.1.1.7, d\u2019abord identifi\u00e9 au Royaume-Uni, a \u00e9t\u00e9 baptis\u00e9 Alpha\u00a0; le B.1.351, apparu en Afrique du Sud, devient B\u00eata et le variant P.1, d\u00e9tect\u00e9 au Br\u00e9sil, Gamma.<\/span><\/p>\n<p class=\"p11\"><span class=\"s2\">L\u2019OMS a donn\u00e9 deux noms diff\u00e9rents aux sous-lign\u00e9es distinctes du variant B.1.617, qui a ravag\u00e9 l\u2019Inde et s\u2019est \u00e9tendu \u00e0 des dizaines de pays\u00a0: B.1.617.2 (qui prend de la vitesse en Grande-Bretagne) devient ainsi Delta, et B.1.617.1 devient Kappa\u2026 <em><strong>A. B.<\/strong><\/em><\/span><\/p>\n<\/blockquote>\n<p>L\u2019article <a rel=\"nofollow\" href=\"https:\/\/www.elwatan.com\/edition\/actualite\/le-variant-delta-preoccupe-le-monde-24-06-2021\">Flamb\u00e9e de Covid-19 en Europe et en Am\u00e9rique Latine malgr\u00e9 la vaccination : Le variant Delta pr\u00e9occupe le monde<\/a> est apparu en premier sur <a rel=\"nofollow\" href=\"https:\/\/www.elwatan.com\/\">El Watan<\/a>.<\/p>\n<\/div>\n<p>Auteur: Anis Khecheba<br \/>\n<a href=\"https:\/\/www.elwatan.com\/edition\/actualite\/le-variant-delta-preoccupe-le-monde-24-06-2021\">Cliquez ici pour lire l&rsquo;article depuis sa source.<\/a><\/p>\n","protected":false},"excerpt":{"rendered":"<p>Le variant Delta (anciennement d\u00e9nomm\u00e9 variant indien ou encore B.1.617.2, mais aussi VOC-21APR-02 ou G\/478K.V1), apparu en Inde, est bien parti pour devenir le variant dominant \u00e0 l\u2019\u00e9chelle mondiale, selon l\u2019OMS. Le coronavirus continue de faire des ravages dans de nombreux pays qui subissent une troisi\u00e8me, voire une quatri\u00e8me vague \u00e9pid\u00e9mique marqu\u00e9e par la virulence [&hellip;]<\/p>\n","protected":false},"author":1743,"featured_media":0,"comment_status":"closed","ping_status":"closed","sticky":false,"template":"","format":"standard","meta":{"fifu_image_url":"https:\/\/www.elwatan.com\/wp-content\/uploads\/2021\/06\/covid-europe-e1624541334259.gif","fifu_image_alt":"Flamb\u00e9e de Covid-19 en Europe et en Am\u00e9rique Latine malgr\u00e9 la vaccination : Le variant Delta pr\u00e9occupe le monde","footnotes":""},"categories":[73,53],"tags":[],"class_list":["post-119427","post","type-post","status-publish","format-standard","hentry","category-actualite","category-algerie"],"_links":{"self":[{"href":"https:\/\/linitiative.ca\/International\/wp-json\/wp\/v2\/posts\/119427","targetHints":{"allow":["GET"]}}],"collection":[{"href":"https:\/\/linitiative.ca\/International\/wp-json\/wp\/v2\/posts"}],"about":[{"href":"https:\/\/linitiative.ca\/International\/wp-json\/wp\/v2\/types\/post"}],"author":[{"embeddable":true,"href":"https:\/\/linitiative.ca\/International\/wp-json\/wp\/v2\/users\/1743"}],"replies":[{"embeddable":true,"href":"https:\/\/linitiative.ca\/International\/wp-json\/wp\/v2\/comments?post=119427"}],"version-history":[{"count":0,"href":"https:\/\/linitiative.ca\/International\/wp-json\/wp\/v2\/posts\/119427\/revisions"}],"wp:attachment":[{"href":"https:\/\/linitiative.ca\/International\/wp-json\/wp\/v2\/media?parent=119427"}],"wp:term":[{"taxonomy":"category","embeddable":true,"href":"https:\/\/linitiative.ca\/International\/wp-json\/wp\/v2\/categories?post=119427"},{"taxonomy":"post_tag","embeddable":true,"href":"https:\/\/linitiative.ca\/International\/wp-json\/wp\/v2\/tags?post=119427"}],"curies":[{"name":"wp","href":"https:\/\/api.w.org\/{rel}","templated":true}]}}