{"id":119431,"date":"2021-06-24T06:54:41","date_gmt":"2021-06-24T10:54:41","guid":{"rendered":"https:\/\/linitiative.ca\/International\/djerad-presente-ce-jeudi-la-demission-de-son-gouvernement\/"},"modified":"2021-06-24T06:54:41","modified_gmt":"2021-06-24T10:54:41","slug":"djerad-presente-ce-jeudi-la-demission-de-son-gouvernement","status":"publish","type":"post","link":"https:\/\/linitiative.ca\/International\/djerad-presente-ce-jeudi-la-demission-de-son-gouvernement\/","title":{"rendered":"Djerad pr\u00e9sente ce jeudi la d\u00e9mission de son gouvernement"},"content":{"rendered":"<div>\n<div class=\"sriret\"><img loading=\"lazy\" decoding=\"async\" width=\"640\" height=\"360\" src=\"https:\/\/linitiative.ca\/International\/wp-content\/uploads\/sites\/23\/2021\/06\/djerad.jpeg\" class=\"attachment-featured_large size-featured_large wp-post-image\" alt=\"\" style=\"margin-bottom: 15px;\" srcset=\"https:\/\/linitiative.ca\/International\/wp-content\/uploads\/sites\/23\/2021\/06\/djerad.jpeg 640w, https:\/\/www.elwatan.com\/wp-content\/uploads\/2020\/03\/djerad-300x169.jpeg 300w\" sizes=\"auto, (max-width: 640px) 100vw, 640px\"><\/div>\n<p>Le Premier ministre, Abelaziz Djerad, pr\u00e9sentera ce jeudi \u00e0 11 h 30 la d\u00e9mission de son gouvernement au pr\u00e9sident de la R\u00e9publique, Abdelmadjid Tebboune, conform\u00e9ment \u00e0 l\u2019article 113 de la Constitution et ce, suite \u00e0 la proclamation mercredi soir des r\u00e9sultats d\u00e9finitifs des \u00e9lections l\u00e9gislatives du 12 juin 2021 par le Conseil constitutionnel.<\/p>\n<p>L\u2019article 113 de la Constitution stipule que \u00ab\u00a0le Premier ministre ou le chef du gouvernement, selon le cas, peut pr\u00e9senter au pr\u00e9sident de la R\u00e9publique la d\u00e9mission du gouvernement\u00a0\u00bb.<\/p>\n<p>Le Conseil constitutionnel avait confirm\u00e9, mercredi soir, la victoire aux l\u00e9gislatives du 12 juin du parti du Front de lib\u00e9ration nationale (FLN) qui arrive en t\u00eate avec 98 si\u00e8ges, suivi des Ind\u00e9pendants avec 84 si\u00e8ges et du Mouvement de la soci\u00e9t\u00e9 pour la paix (MSP) avec 65 si\u00e8ges.<\/p>\n<p style=\"text-align: right;\"><em><strong>APS<\/strong><\/em><\/p>\n<p>L\u2019article <a rel=\"nofollow\" href=\"https:\/\/www.elwatan.com\/a-la-une\/djerad-presente-ce-jeudi-la-demission-de-son-gouvernement-24-06-2021\">Djerad pr\u00e9sente ce jeudi la d\u00e9mission de son gouvernement<\/a> est apparu en premier sur <a rel=\"nofollow\" href=\"https:\/\/www.elwatan.com\/\">El Watan<\/a>.<\/p>\n<\/div>\n<p>Auteur: Mohand Yahiaoui<br \/>\n<a href=\"https:\/\/www.elwatan.com\/a-la-une\/djerad-presente-ce-jeudi-la-demission-de-son-gouvernement-24-06-2021\">Cliquez ici pour lire l&rsquo;article depuis sa source.<\/a><\/p>\n","protected":false},"excerpt":{"rendered":"<p>Le Premier ministre, Abelaziz Djerad, pr\u00e9sentera ce jeudi \u00e0 11 h 30 la d\u00e9mission de son gouvernement au pr\u00e9sident de la R\u00e9publique, Abdelmadjid Tebboune, conform\u00e9ment \u00e0 l\u2019article 113 de la Constitution et ce, suite \u00e0 la proclamation mercredi soir des r\u00e9sultats d\u00e9finitifs des \u00e9lections l\u00e9gislatives du 12 juin 2021 par le Conseil constitutionnel. L\u2019article 113 [&hellip;]<\/p>\n","protected":false},"author":1743,"featured_media":0,"comment_status":"closed","ping_status":"closed","sticky":false,"template":"","format":"standard","meta":{"fifu_image_url":"https:\/\/www.elwatan.com\/wp-content\/uploads\/2020\/03\/djerad.jpeg","fifu_image_alt":"Djerad pr\u00e9sente ce jeudi la d\u00e9mission de son gouvernement","footnotes":""},"categories":[73,53],"tags":[],"class_list":["post-119431","post","type-post","status-publish","format-standard","hentry","category-actualite","category-algerie"],"_links":{"self":[{"href":"https:\/\/linitiative.ca\/International\/wp-json\/wp\/v2\/posts\/119431","targetHints":{"allow":["GET"]}}],"collection":[{"href":"https:\/\/linitiative.ca\/International\/wp-json\/wp\/v2\/posts"}],"about":[{"href":"https:\/\/linitiative.ca\/International\/wp-json\/wp\/v2\/types\/post"}],"author":[{"embeddable":true,"href":"https:\/\/linitiative.ca\/International\/wp-json\/wp\/v2\/users\/1743"}],"replies":[{"embeddable":true,"href":"https:\/\/linitiative.ca\/International\/wp-json\/wp\/v2\/comments?post=119431"}],"version-history":[{"count":0,"href":"https:\/\/linitiative.ca\/International\/wp-json\/wp\/v2\/posts\/119431\/revisions"}],"wp:attachment":[{"href":"https:\/\/linitiative.ca\/International\/wp-json\/wp\/v2\/media?parent=119431"}],"wp:term":[{"taxonomy":"category","embeddable":true,"href":"https:\/\/linitiative.ca\/International\/wp-json\/wp\/v2\/categories?post=119431"},{"taxonomy":"post_tag","embeddable":true,"href":"https:\/\/linitiative.ca\/International\/wp-json\/wp\/v2\/tags?post=119431"}],"curies":[{"name":"wp","href":"https:\/\/api.w.org\/{rel}","templated":true}]}}