{"id":119433,"date":"2021-06-24T07:50:06","date_gmt":"2021-06-24T11:50:06","guid":{"rendered":"https:\/\/linitiative.ca\/International\/le-proces-en-appel-du-general-wassini-renvoye-au-15-septembre-prochain\/"},"modified":"2021-06-24T07:50:06","modified_gmt":"2021-06-24T11:50:06","slug":"le-proces-en-appel-du-general-wassini-renvoye-au-15-septembre-prochain","status":"publish","type":"post","link":"https:\/\/linitiative.ca\/International\/le-proces-en-appel-du-general-wassini-renvoye-au-15-septembre-prochain\/","title":{"rendered":"Le proc\u00e8s en appel du g\u00e9n\u00e9ral Wassini renvoy\u00e9 au 15 septembre prochain"},"content":{"rendered":"<div>\n<div class=\"sriret\"><img loading=\"lazy\" decoding=\"async\" width=\"425\" height=\"305\" src=\"https:\/\/linitiative.ca\/International\/wp-content\/uploads\/sites\/23\/2021\/06\/arton24286.gif\" class=\"attachment-featured_large size-featured_large wp-post-image\" alt=\"\" style=\"margin-bottom: 15px;\"><\/div>\n<p><em><strong>Le proc\u00e8s en appel de l\u2019ancien patron de la s\u00e9curit\u00e9 int\u00e9rieure le G\u00e9n\u00e9ral Wassini Bouazza, a \u00e9t\u00e9 renvoy\u00e9 au 15 septembre prochain.<\/strong> <\/em><\/p>\n<p>La cour d\u2019appel militaire de Blida, devant laquelle il a comparu avec ses cinq co-accus\u00e9s, tous des officiers subalternes, a \u00e9t\u00e9 oblig\u00e9e par le collectif de la d\u00e9fense compos\u00e9 de plus d\u2019une dizaine d\u2019avocats, qui s\u2019est retir\u00e9 de l\u2019audience apr\u00e8s des heures de d\u00e9bat, de d\u00e9cider de la \u00abn\u00e9cessit\u00e9\u00bb du renvoi de l\u2019affaire en raison de l\u2019\u00e9tat de sant\u00e9 du principal accus\u00e9, le g\u00e9n\u00e9ral Bouazza.<\/p>\n<p>En d\u00e9pit du fait que le m\u00e9decin d\u00e9p\u00each\u00e9 sur les lieux, \u00aba fait \u00e9tat d\u2019une tension art\u00e9rielle \u00e9lev\u00e9e\u00bb, la cour a refus\u00e9 de reporter le proc\u00e8s. Ce qui a suscit\u00e9 le retrait de tous les avicats de l\u2019audience.<\/p>\n<p>Apr\u00e8s des heures de d\u00e9lib\u00e9r\u00e9, le pr\u00e9sident de la cour a renvoy\u00e9 l\u2019affaire au 15 septembre. A rappeler que le G\u00e9n\u00e9ral Bouazza et ses co-accus\u00e9s ont \u00e9t\u00e9 condamn\u00e9s \u00e0 des peines allant de 16 \u00e0 10 ans de r\u00e9clusion criminelle pour des faits li\u00e9s aux interf\u00e9rences dans le scrutin pr\u00e9sidentiel du 12 d\u00e9cembre 2019, en faveur de l\u2019 ex-candidat \u00e0 l\u2019\u00e9lection et ancien secr\u00e9taire g\u00e9n\u00e9ral du RND par int\u00e9rim, Azzedine Mihoubi.<\/p>\n<p>L\u2019article <a rel=\"nofollow\" href=\"https:\/\/www.elwatan.com\/edition\/actualite\/le-proces-en-du-general-wassini-renvoye-au-15-septembre-prochain-24-06-2021\">Le proc\u00e8s en appel du g\u00e9n\u00e9ral Wassini renvoy\u00e9 au 15 septembre prochain<\/a> est apparu en premier sur <a rel=\"nofollow\" href=\"https:\/\/www.elwatan.com\/\">El Watan<\/a>.<\/p>\n<\/div>\n<p>Auteur: Mohand Yahiaoui<br \/>\n<a href=\"https:\/\/www.elwatan.com\/edition\/actualite\/le-proces-en-du-general-wassini-renvoye-au-15-septembre-prochain-24-06-2021\">Cliquez ici pour lire l&rsquo;article depuis sa source.<\/a><\/p>\n","protected":false},"excerpt":{"rendered":"<p>Le proc\u00e8s en appel de l\u2019ancien patron de la s\u00e9curit\u00e9 int\u00e9rieure le G\u00e9n\u00e9ral Wassini Bouazza, a \u00e9t\u00e9 renvoy\u00e9 au 15 septembre prochain. La cour d\u2019appel militaire de Blida, devant laquelle il a comparu avec ses cinq co-accus\u00e9s, tous des officiers subalternes, a \u00e9t\u00e9 oblig\u00e9e par le collectif de la d\u00e9fense compos\u00e9 de plus d\u2019une dizaine [&hellip;]<\/p>\n","protected":false},"author":1743,"featured_media":0,"comment_status":"closed","ping_status":"closed","sticky":false,"template":"","format":"standard","meta":{"fifu_image_url":"https:\/\/www.elwatan.com\/wp-content\/uploads\/2021\/03\/arton24286.gif","fifu_image_alt":"Le proc\u00e8s en appel du g\u00e9n\u00e9ral Wassini renvoy\u00e9 au 15 septembre prochain","footnotes":""},"categories":[73,53],"tags":[],"class_list":["post-119433","post","type-post","status-publish","format-standard","hentry","category-actualite","category-algerie"],"_links":{"self":[{"href":"https:\/\/linitiative.ca\/International\/wp-json\/wp\/v2\/posts\/119433","targetHints":{"allow":["GET"]}}],"collection":[{"href":"https:\/\/linitiative.ca\/International\/wp-json\/wp\/v2\/posts"}],"about":[{"href":"https:\/\/linitiative.ca\/International\/wp-json\/wp\/v2\/types\/post"}],"author":[{"embeddable":true,"href":"https:\/\/linitiative.ca\/International\/wp-json\/wp\/v2\/users\/1743"}],"replies":[{"embeddable":true,"href":"https:\/\/linitiative.ca\/International\/wp-json\/wp\/v2\/comments?post=119433"}],"version-history":[{"count":0,"href":"https:\/\/linitiative.ca\/International\/wp-json\/wp\/v2\/posts\/119433\/revisions"}],"wp:attachment":[{"href":"https:\/\/linitiative.ca\/International\/wp-json\/wp\/v2\/media?parent=119433"}],"wp:term":[{"taxonomy":"category","embeddable":true,"href":"https:\/\/linitiative.ca\/International\/wp-json\/wp\/v2\/categories?post=119433"},{"taxonomy":"post_tag","embeddable":true,"href":"https:\/\/linitiative.ca\/International\/wp-json\/wp\/v2\/tags?post=119433"}],"curies":[{"name":"wp","href":"https:\/\/api.w.org\/{rel}","templated":true}]}}