{"id":119437,"date":"2021-06-24T04:15:00","date_gmt":"2021-06-24T08:15:00","guid":{"rendered":"https:\/\/linitiative.ca\/International\/nouveaute-dacia-le-duster-passe-par-la-case-restylage\/"},"modified":"2021-06-24T04:15:00","modified_gmt":"2021-06-24T08:15:00","slug":"nouveaute-dacia-le-duster-passe-par-la-case-restylage","status":"publish","type":"post","link":"https:\/\/linitiative.ca\/International\/nouveaute-dacia-le-duster-passe-par-la-case-restylage\/","title":{"rendered":"Nouveaut\u00e9 Dacia : le Duster passe par la case restylage"},"content":{"rendered":"<div><img decoding=\"async\" width=\"600\" height=\"413\" src=\"https:\/\/linitiative.ca\/International\/wp-content\/uploads\/sites\/23\/2021\/06\/Dacia-Duster-ouv-600-x-413-1.jpg\" class=\"attachment-post-thumbnail size-post-thumbnail wp-post-image\" alt=\"\" loading=\"lazy\" srcset=\"https:\/\/linitiative.ca\/International\/wp-content\/uploads\/sites\/23\/2021\/06\/Dacia-Duster-ouv-600-x-413-1.jpg 600w, https:\/\/www.challenge.ma\/wp-content\/uploads\/2021\/06\/Dacia-Duster-ouv-600-x-413-1-300x207.jpg 300w, https:\/\/www.challenge.ma\/wp-content\/uploads\/2021\/06\/Dacia-Duster-ouv-600-x-413-1-360x248.jpg 360w\" sizes=\"auto, (max-width: 600px) 100vw, 600px\" itemprop=\"image\">Dacia vient tout juste de d\u00e9voiler le Duster restyl\u00e9. Commercialis\u00e9 d\u00e9but 2018, la seconde g\u00e9n\u00e9ration du SUV phare de la marque est un v\u00e9ritable succ\u00e8s. Sans faire dans la r\u00e9volution, l\u2019engin se contente de quelques retouches bien pr\u00e9cises. Ce dernier touche principalement les optiques avant. Ils h\u00e9ritent d\u2019une nouvelle signature<\/div>\n<p>Auteur: David J\u00e9r\u00e9mie<br \/>\n<a href=\"https:\/\/www.challenge.ma\/nouveaute-dacia-le-duster-passe-par-la-case-restylage-189856\/\">Cliquez ici pour lire l&rsquo;article depuis sa source.<\/a><\/p>\n","protected":false},"excerpt":{"rendered":"<p>Dacia vient tout juste de d\u00e9voiler le Duster restyl\u00e9. Commercialis\u00e9 d\u00e9but 2018, la seconde g\u00e9n\u00e9ration du SUV phare de la marque est un v\u00e9ritable succ\u00e8s. Sans faire dans la r\u00e9volution, l\u2019engin se contente de quelques retouches bien pr\u00e9cises. Ce dernier touche principalement les optiques avant. Ils h\u00e9ritent d\u2019une nouvelle signature Auteur: David J\u00e9r\u00e9mie Cliquez ici [&hellip;]<\/p>\n","protected":false},"author":1787,"featured_media":0,"comment_status":"closed","ping_status":"closed","sticky":false,"template":"","format":"standard","meta":{"fifu_image_url":"https:\/\/www.challenge.ma\/wp-content\/uploads\/2021\/06\/Dacia-Duster-ouv-600-x-413-1.jpg","fifu_image_alt":"Nouveaut\u00e9 Dacia : le Duster passe par la case restylage","footnotes":""},"categories":[78,54],"tags":[],"class_list":["post-119437","post","type-post","status-publish","format-standard","hentry","category-economie","category-maroc"],"_links":{"self":[{"href":"https:\/\/linitiative.ca\/International\/wp-json\/wp\/v2\/posts\/119437","targetHints":{"allow":["GET"]}}],"collection":[{"href":"https:\/\/linitiative.ca\/International\/wp-json\/wp\/v2\/posts"}],"about":[{"href":"https:\/\/linitiative.ca\/International\/wp-json\/wp\/v2\/types\/post"}],"author":[{"embeddable":true,"href":"https:\/\/linitiative.ca\/International\/wp-json\/wp\/v2\/users\/1787"}],"replies":[{"embeddable":true,"href":"https:\/\/linitiative.ca\/International\/wp-json\/wp\/v2\/comments?post=119437"}],"version-history":[{"count":0,"href":"https:\/\/linitiative.ca\/International\/wp-json\/wp\/v2\/posts\/119437\/revisions"}],"wp:attachment":[{"href":"https:\/\/linitiative.ca\/International\/wp-json\/wp\/v2\/media?parent=119437"}],"wp:term":[{"taxonomy":"category","embeddable":true,"href":"https:\/\/linitiative.ca\/International\/wp-json\/wp\/v2\/categories?post=119437"},{"taxonomy":"post_tag","embeddable":true,"href":"https:\/\/linitiative.ca\/International\/wp-json\/wp\/v2\/tags?post=119437"}],"curies":[{"name":"wp","href":"https:\/\/api.w.org\/{rel}","templated":true}]}}