{"id":119439,"date":"2021-06-24T04:36:59","date_gmt":"2021-06-24T08:36:59","guid":{"rendered":"https:\/\/linitiative.ca\/International\/cryptomonnaie-abdellatif-jouahri-sexprime-sur-letat-davancement-au-maroc-video\/"},"modified":"2021-06-24T04:36:59","modified_gmt":"2021-06-24T08:36:59","slug":"cryptomonnaie-abdellatif-jouahri-sexprime-sur-letat-davancement-au-maroc-video","status":"publish","type":"post","link":"https:\/\/linitiative.ca\/International\/cryptomonnaie-abdellatif-jouahri-sexprime-sur-letat-davancement-au-maroc-video\/","title":{"rendered":"Cryptomonnaie. Abdellatif Jouahri s\u2019exprime sur l\u2019\u00e9tat d\u2019avancement au Maroc [Vid\u00e9o]"},"content":{"rendered":"<div><img decoding=\"async\" width=\"1417\" height=\"946\" src=\"https:\/\/linitiative.ca\/International\/wp-content\/uploads\/sites\/23\/2021\/06\/Abdellatif-Jouahri.jpg\" class=\"attachment-post-thumbnail size-post-thumbnail wp-post-image\" alt=\"\" loading=\"lazy\" srcset=\"https:\/\/linitiative.ca\/International\/wp-content\/uploads\/sites\/23\/2021\/06\/Abdellatif-Jouahri.jpg 1417w, https:\/\/www.challenge.ma\/wp-content\/uploads\/2020\/01\/Abdellatif-Jouahri-300x200.jpg 300w, https:\/\/www.challenge.ma\/wp-content\/uploads\/2020\/01\/Abdellatif-Jouahri-768x513.jpg 768w, https:\/\/www.challenge.ma\/wp-content\/uploads\/2020\/01\/Abdellatif-Jouahri-1024x684.jpg 1024w, https:\/\/www.challenge.ma\/wp-content\/uploads\/2020\/01\/Abdellatif-Jouahri-360x240.jpg 360w, https:\/\/www.challenge.ma\/wp-content\/uploads\/2020\/01\/Abdellatif-Jouahri-750x501.jpg 750w\" sizes=\"auto, (max-width: 1417px) 100vw, 1417px\" itemprop=\"image\">Le Wali de Bank Al-Maghrib (BAM) a \u00e9t\u00e9 interpell\u00e9 sur la cryptomonnaie marocaine lors du point de presse tenu \u00e0 l\u2019issue de la deuxi\u00e8me r\u00e9union trimestrielle du conseil de BAM au titre de 2021. Voici sa r\u00e9ponse. Lire aussi | Yassine Regragui : \u00able Maroc se dote d\u00e9j\u00e0 d\u2019un cadre<\/div>\n<p>Auteur: challenge<br \/>\n<a href=\"https:\/\/www.challenge.ma\/cryptomonnaie-abdellatif-jouahri-sexprime-sur-letat-davancement-au-maroc-video-189789\/\">Cliquez ici pour lire l&rsquo;article depuis sa source.<\/a><\/p>\n","protected":false},"excerpt":{"rendered":"<p>Le Wali de Bank Al-Maghrib (BAM) a \u00e9t\u00e9 interpell\u00e9 sur la cryptomonnaie marocaine lors du point de presse tenu \u00e0 l\u2019issue de la deuxi\u00e8me r\u00e9union trimestrielle du conseil de BAM au titre de 2021. Voici sa r\u00e9ponse. Lire aussi | Yassine Regragui : \u00able Maroc se dote d\u00e9j\u00e0 d\u2019un cadre Auteur: challenge Cliquez ici pour [&hellip;]<\/p>\n","protected":false},"author":1787,"featured_media":0,"comment_status":"closed","ping_status":"closed","sticky":false,"template":"","format":"standard","meta":{"fifu_image_url":"https:\/\/www.challenge.ma\/wp-content\/uploads\/2020\/01\/Abdellatif-Jouahri.jpg","fifu_image_alt":"Cryptomonnaie. Abdellatif Jouahri s\u2019exprime sur l\u2019\u00e9tat d\u2019avancement au Maroc [Vid\u00e9o]","footnotes":""},"categories":[78,54],"tags":[],"class_list":["post-119439","post","type-post","status-publish","format-standard","hentry","category-economie","category-maroc"],"_links":{"self":[{"href":"https:\/\/linitiative.ca\/International\/wp-json\/wp\/v2\/posts\/119439","targetHints":{"allow":["GET"]}}],"collection":[{"href":"https:\/\/linitiative.ca\/International\/wp-json\/wp\/v2\/posts"}],"about":[{"href":"https:\/\/linitiative.ca\/International\/wp-json\/wp\/v2\/types\/post"}],"author":[{"embeddable":true,"href":"https:\/\/linitiative.ca\/International\/wp-json\/wp\/v2\/users\/1787"}],"replies":[{"embeddable":true,"href":"https:\/\/linitiative.ca\/International\/wp-json\/wp\/v2\/comments?post=119439"}],"version-history":[{"count":0,"href":"https:\/\/linitiative.ca\/International\/wp-json\/wp\/v2\/posts\/119439\/revisions"}],"wp:attachment":[{"href":"https:\/\/linitiative.ca\/International\/wp-json\/wp\/v2\/media?parent=119439"}],"wp:term":[{"taxonomy":"category","embeddable":true,"href":"https:\/\/linitiative.ca\/International\/wp-json\/wp\/v2\/categories?post=119439"},{"taxonomy":"post_tag","embeddable":true,"href":"https:\/\/linitiative.ca\/International\/wp-json\/wp\/v2\/tags?post=119439"}],"curies":[{"name":"wp","href":"https:\/\/api.w.org\/{rel}","templated":true}]}}