{"id":119448,"date":"2021-06-24T16:21:03","date_gmt":"2021-06-24T20:21:03","guid":{"rendered":"https:\/\/linitiative.ca\/International\/grand-prix-hippique-de-lintegration-africaine-cest-parti\/"},"modified":"2021-06-24T16:21:03","modified_gmt":"2021-06-24T20:21:03","slug":"grand-prix-hippique-de-lintegration-africaine-cest-parti","status":"publish","type":"post","link":"https:\/\/linitiative.ca\/International\/grand-prix-hippique-de-lintegration-africaine-cest-parti\/","title":{"rendered":"Grand prix hippique de l\u2019int\u00e9gration africaine : C\u2019est parti"},"content":{"rendered":"<div>\n<p><strong>La premi\u00e8re \u00e9dition du Grand prix de l\u2019int\u00e9gration africaine a pris son top de d\u00e9part aujourd\u2019hui sur l\u2019hippodrome de Pabr\u00e9. Jusqu\u2019\u00e0 dimanche, des chevaux venus de huit pays africains rivaliseront d\u2019ardeur, chacun avec la ferme volont\u00e9 d\u2019inscrire en premier son nom sur le palmar\u00e8s de cette comp\u00e9tition.<\/strong><\/p>\n<p>L\u2019hippodrome de Pabr\u00e9, localit\u00e9 situ\u00e9e \u00e0 une vingtaine de kilom\u00e8tres de Ouagadougou vibre au rythme du hippisme africain. Des chevaux de huit pays africains sont en comp\u00e9tition \u00e0 partir d\u2019aujourd\u2019hui \u00e0 la faveur de la premi\u00e8re \u00e9dition du Grand prix de l\u2019int\u00e9gration africaine. R\u00e9cent vainqueur du prix de la Renaissance \u00e0 Dakar au S\u00e9n\u00e9gal, le Burkina Faso avec des chevaux tels que Timb-Nooma, Djamila, Djafaranga 1 et 2 est le grand favori de cette premi\u00e8re \u00e9dition. Mais face au S\u00e9n\u00e9gal, surpris sur son sol, il est clair que la lutte sera \u00e2pre. A c\u00f4t\u00e9 de ces deux, il y a des pays comme le Mali, le Niger, le Nigeria, le Cameroun, le Soudan et le Tchad (dont le ministre<br \/>\ndes Transports sera \u00e0 Ouagadougou pour la circonstance). L\u00e0-bas aussi, les courses hippiques commencent \u00e0 entrer dans leurs m\u0153urs. En tout cas, ils sont une centaine \u00e0 prendre le top de d\u00e9part aujourd\u2019hui pour la premi\u00e8re course, celle des \u00e9liminatoires.<\/p>\n<p>Cette comp\u00e9tition, organis\u00e9e par l\u2019association des \u00e9leveurs Neema, a pour objectif de<br \/>\n\u00ab permettre aux acteurs des sports \u00e9questres nationaux de se frotter aux meilleurs de la discipline en Afrique \u00bb. Pour le secr\u00e9taire g\u00e9n\u00e9ral de l\u2019association organisatrice, Malick Derm\u00e9, la course se dispute par cat\u00e9gorie.<br \/>\n\u00ab Nous avons les chevaux burkinab\u00e8, les chevaux talons qui sont un m\u00e9lange, des chevaux soudanais et les cracks \u00bb, a-t-il inform\u00e9.<br \/>\nIl a laiss\u00e9 entendre que les ambitions du Burkina Faso sont grandes dans cette comp\u00e9tition. L\u2019objectif est de remporter la comp\u00e9tition et se r\u00e9v\u00e9ler comme leader des sports \u00e9questres dans la sous-r\u00e9gion. \u00ab Le Burkina Faso va se faire respecter \u00e0 domicile \u00e0 l\u2019occasion de cette course. Nous avons des chevaux capables de remporter la comp\u00e9tition \u00bb, a-t-il assur\u00e9. Le Grand prix de l\u2019int\u00e9gration africaine, c\u2019est aussi de fortes r\u00e9compenses avec des v\u00e9hicules et des enveloppes financi\u00e8res pour les plus m\u00e9ritants.<\/p>\n<p style=\"text-align: right\"><strong>Yves OUEDRAOGO<\/strong><\/p>\n<p>L\u2019article <a rel=\"nofollow\" href=\"https:\/\/www.sidwaya.info\/blog\/2021\/06\/24\/grand-prix-hippique-de-lintegration-africaine-cest-parti\/\">Grand prix hippique de l\u2019int\u00e9gration africaine : C\u2019est parti<\/a> est apparu en premier sur <a rel=\"nofollow\" href=\"https:\/\/www.sidwaya.info\/\">Quotidien Sidwaya<\/a>.<\/p>\n<\/div>\n<p>Auteur: JK. Sidwaya<br \/>\n<a href=\"https:\/\/www.sidwaya.info\/blog\/2021\/06\/24\/grand-prix-hippique-de-lintegration-africaine-cest-parti\/\">Cliquez ici pour lire l&rsquo;article depuis sa source.<\/a><\/p>\n","protected":false},"excerpt":{"rendered":"<p>La premi\u00e8re \u00e9dition du Grand prix de l\u2019int\u00e9gration africaine a pris son top de d\u00e9part aujourd\u2019hui sur l\u2019hippodrome de Pabr\u00e9. Jusqu\u2019\u00e0 dimanche, des chevaux venus de huit pays africains rivaliseront d\u2019ardeur, chacun avec la ferme volont\u00e9 d\u2019inscrire en premier son nom sur le palmar\u00e8s de cette comp\u00e9tition. L\u2019hippodrome de Pabr\u00e9, localit\u00e9 situ\u00e9e \u00e0 une vingtaine [&hellip;]<\/p>\n","protected":false},"author":1816,"featured_media":0,"comment_status":"closed","ping_status":"closed","sticky":false,"template":"","format":"standard","meta":{"fifu_image_url":"","fifu_image_alt":"","footnotes":""},"categories":[73,81],"tags":[],"class_list":["post-119448","post","type-post","status-publish","format-standard","hentry","category-actualite","category-burkina-faso"],"_links":{"self":[{"href":"https:\/\/linitiative.ca\/International\/wp-json\/wp\/v2\/posts\/119448","targetHints":{"allow":["GET"]}}],"collection":[{"href":"https:\/\/linitiative.ca\/International\/wp-json\/wp\/v2\/posts"}],"about":[{"href":"https:\/\/linitiative.ca\/International\/wp-json\/wp\/v2\/types\/post"}],"author":[{"embeddable":true,"href":"https:\/\/linitiative.ca\/International\/wp-json\/wp\/v2\/users\/1816"}],"replies":[{"embeddable":true,"href":"https:\/\/linitiative.ca\/International\/wp-json\/wp\/v2\/comments?post=119448"}],"version-history":[{"count":0,"href":"https:\/\/linitiative.ca\/International\/wp-json\/wp\/v2\/posts\/119448\/revisions"}],"wp:attachment":[{"href":"https:\/\/linitiative.ca\/International\/wp-json\/wp\/v2\/media?parent=119448"}],"wp:term":[{"taxonomy":"category","embeddable":true,"href":"https:\/\/linitiative.ca\/International\/wp-json\/wp\/v2\/categories?post=119448"},{"taxonomy":"post_tag","embeddable":true,"href":"https:\/\/linitiative.ca\/International\/wp-json\/wp\/v2\/tags?post=119448"}],"curies":[{"name":"wp","href":"https:\/\/api.w.org\/{rel}","templated":true}]}}