{"id":119450,"date":"2021-06-24T17:18:20","date_gmt":"2021-06-24T21:18:20","guid":{"rendered":"https:\/\/linitiative.ca\/International\/zones-a-fort-defi-securitaire-letat-durgence-proroge-de-18-mois\/"},"modified":"2021-06-24T17:18:20","modified_gmt":"2021-06-24T21:18:20","slug":"zones-a-fort-defi-securitaire-letat-durgence-proroge-de-18-mois","status":"publish","type":"post","link":"https:\/\/linitiative.ca\/International\/zones-a-fort-defi-securitaire-letat-durgence-proroge-de-18-mois\/","title":{"rendered":"Zones \u00e0 fort d\u00e9fi s\u00e9curitaire : L\u2019\u00e9tat d\u2019urgence prorog\u00e9 de 18 mois"},"content":{"rendered":"<div>\n<p><strong>La Repr\u00e9sentation nationale a examin\u00e9 et adopt\u00e9 la loi portant prorogation de la dur\u00e9e de l\u2019\u00e9tat d\u2019urgence au cours d\u2019une pl\u00e9ni\u00e8re, le jeudi 24 juin 2021, \u00e0 Ouagadougou.<\/strong><\/p>\n<p>L\u2019\u00e9tat d\u2019urgence, qui devrait prendre fin le 12 juillet prochain, b\u00e9n\u00e9ficie d\u2019une prorogation. A partir du 13 juillet, la mesure entre en vigueur dans six r\u00e9gions du Burkina Faso (Est, Centre-Est, Sahel, Nord, Boucle du Mouhoun et Hauts-Bassins) pour 18 mois. Sur les 123 d\u00e9put\u00e9s votants du jour, 120 ont approuv\u00e9 la loi portant prorogation de la dur\u00e9e de l\u2019\u00e9tat d\u2019urgence soumis aux d\u00e9bats \u00e0 la pl\u00e9ni\u00e8re du jeudi 24 juin 2021, \u00e0 Ouagadougou. Cette seconde prorogation se justifie par le contexte toujours d\u00e9l\u00e9t\u00e8re de la menace terroriste. Selon le gouvernement, la prorogation de l\u2019\u00e9tat d\u2019urgence participe de la volont\u00e9 de maintenir et de renforcer la lutte contre le terrorisme. \u00ab Il est n\u00e9cessaire que les autorit\u00e9s administratives puissent poursuivre la prise de mesures adapt\u00e9es \u00e0 leurs zones de comp\u00e9tence pendant une p\u00e9riode assez longue afin de lutter efficacement contre les terroristes et de restaurer la pr\u00e9sence et l\u2019autorit\u00e9 de l\u2019Etat dans les zones occup\u00e9es afin de permettre progressivement le retour des personnes d\u00e9plac\u00e9es dans leurs localit\u00e9s d\u2019origine \u00bb, peut-on lire dans le rapport sur la prorogation. L\u2019\u00e9tat d\u2019urgence permet, entre autres, le contr\u00f4le, l\u2019interdiction de tout enseignement, pr\u00eache, programme ou activit\u00e9 incitant \u00e0 la violence, \u00e0 la haine ou \u00e0 l\u2019extr\u00e9misme religieux, l\u2019assignation \u00e0 r\u00e9sidence de toute personne qui incite, cr\u00e9e ou entretient le d\u00e9sordre de quelque mani\u00e8re que ce soit. La suspension ou la dissolution de tout groupe ou association qui participe ou incite \u00e0 la commission d\u2019actes portant atteinte \u00e0 l\u2019ordre public et la limitation de la libert\u00e9 d\u2019aller et de venir des citoyens y figurent \u00e9galement.<\/p>\n<h3>\u00ab D\u00e9mant\u00e8lement de cellules dormantes \u00bb<\/h3>\n<figure id=\"attachment_36848\" aria-describedby=\"caption-attachment-36848\" style=\"width: 300px\" class=\"wp-caption alignleft\"><img decoding=\"async\" loading=\"lazy\" class=\"size-medium wp-image-36848\" src=\"https:\/\/linitiative.ca\/International\/wp-content\/uploads\/sites\/23\/2021\/06\/1-59-300x161-1.jpg\" alt=\"\" width=\"300\" height=\"161\" srcset=\"https:\/\/linitiative.ca\/International\/wp-content\/uploads\/sites\/23\/2021\/06\/1-59-300x161-1.jpg 300w, https:\/\/www.sidwaya.info\/wp-content\/uploads\/2021\/06\/1-59-768x412.jpg 768w, https:\/\/www.sidwaya.info\/wp-content\/uploads\/2021\/06\/1-59-150x80.jpg 150w, https:\/\/www.sidwaya.info\/wp-content\/uploads\/2021\/06\/1-59-696x373.jpg 696w, https:\/\/www.sidwaya.info\/wp-content\/uploads\/2021\/06\/1-59-783x420.jpg 783w, https:\/\/www.sidwaya.info\/wp-content\/uploads\/2021\/06\/1-59.jpg 787w\" sizes=\"auto, (max-width: 300px) 100vw, 300px\"><figcaption id=\"caption-attachment-36848\" class=\"wp-caption-text\">Le ministre en charge de la justice, Victoria Ou\u00e9draogo :<br \/>\u00ab Il faut donner la chance aux autorit\u00e9s administratives et aux FDS de poursuivre leurs activit\u00e9s dans le cadre de la lutte contre le terrorisme \u00bb.<\/figcaption><\/figure>\n<p>Lors des d\u00e9bats, les d\u00e9put\u00e9s, tous bords confondus, ont salu\u00e9 les efforts d\u00e9ploy\u00e9s par les Forces de d\u00e9fense et de s\u00e9curit\u00e9 (FDS) sur le terrain de la lutte contre le terrorisme, tout en d\u00e9plorant le fait que la menace reste pr\u00e9gnante. Dans leur majorit\u00e9, les intervenants ont indiqu\u00e9 que le gouvernement devrait, dans un premier temps, mener une \u00e9tude sur l\u2019impact de l\u2019\u00e9tat d\u2019urgence dans la lutte contre le terrorisme avant de parler d\u2019une prorogation. La perception de la mesure par les populations, a relev\u00e9 une d\u00e9put\u00e9e, aurait pu \u00eatre prise en compte. \u00ab Je suis un d\u00e9put\u00e9 du Sahel. Bien qu\u2019il y ait l\u2019\u00e9tat d\u2019urgence, la peur est l\u00e0. Cela fait six mois que je ne peux pas me rendre chez moi. Rien que ce matin, des populations nous ont inform\u00e9s qu\u2019elles ont \u00e9t\u00e9 d\u00e9plac\u00e9es de leur village. Comment faire pour qu\u2019elles puissent retourner d\u2019autant que la saison des pluies a commenc\u00e9 ? \u00bb, s\u2019est interrog\u00e9 le d\u00e9put\u00e9 Amadou Diemdioda Dicko. L\u2019\u00e9lu du peuple, Gilbert Ou\u00e9draogo, a interpell\u00e9 le gouvernement sur la gravit\u00e9 de la situation s\u00e9curitaire dans le pays.<\/p>\n<p>\u00ab Cela fait trois ans qu\u2019on a adopt\u00e9 l\u2019\u00e9tat d\u2019urgence et la situation n\u2019a cess\u00e9 de s\u2019empirer. Cette mesure seule ne suffit pas pour lutter contre le terrorisme. Il faut des mesures d\u2019accompagnement des FDS pour que l\u2019\u00e9tat d\u2019urgence soit effectif sur le terrain \u00bb, a-t-il indiqu\u00e9. Le d\u00e9put\u00e9, Aziz Diallo, a soulign\u00e9 que les d\u00e9positaires de l\u2019autorit\u00e9 de l\u2019Etat comme les hauts-commissaires, les pr\u00e9fets et les maires dans les r\u00e9gions sous menace s\u00e9curitaire doivent b\u00e9n\u00e9ficier d\u2019une protection. En r\u00e9action \u00e0 toutes les interventions, le ministre de la Justice, des Droits humains et de la Promotion civique, Victoria Ou\u00e9draogo, a d\u00e9clar\u00e9 que l\u2019\u00e9tat d\u2019urgence n\u2019a pas vocation de r\u00e9sorber, \u00e0 lui seul, les cons\u00e9quences de la situation s\u00e9curitaire. Pour elle, cette mesure n\u2019est qu\u2019une solution parmi tant d\u2019autres dans le combat contre le terrorisme. \u00ab En tant que mesure, elle a pour vocation de permettre certaines actions avec la garantie juridique qui va avec. Je pr\u00e9cise que l\u2019\u00e9tat d\u2019urgence n\u2019induit pas syst\u00e9matiquement de couvre-feu \u00bb, a-t-elle argu\u00e9. Mme Ou\u00e9draogo a relev\u00e9 que la mise en \u0153uvre de l\u2019\u00e9tat d\u2019urgence a permis d\u2019engranger des acquis comme le d\u00e9mant\u00e8lement de cellules dormantes dans certaines localit\u00e9s, la neutralisation et l\u2019arrestation de certains terroristes et le suivi des mouvements de groupes arm\u00e9s aux heures de couvre-feu.<\/p>\n<p style=\"text-align: right\"><strong>Karim BADOLO<\/strong><\/p>\n<p>L\u2019article <a rel=\"nofollow\" href=\"https:\/\/www.sidwaya.info\/blog\/2021\/06\/24\/zones-a-fort-defi-securitaire-letat-durgence-proroge-de-18-mois-2\/\">Zones \u00e0 fort d\u00e9fi s\u00e9curitaire : L\u2019\u00e9tat d\u2019urgence prorog\u00e9 de 18 mois<\/a> est apparu en premier sur <a rel=\"nofollow\" href=\"https:\/\/www.sidwaya.info\/\">Quotidien Sidwaya<\/a>.<\/p>\n<\/div>\n<p>Auteur: JK. Sidwaya<br \/>\n<a href=\"https:\/\/www.sidwaya.info\/blog\/2021\/06\/24\/zones-a-fort-defi-securitaire-letat-durgence-proroge-de-18-mois-2\/\">Cliquez ici pour lire l&rsquo;article depuis sa source.<\/a><\/p>\n","protected":false},"excerpt":{"rendered":"<p>La Repr\u00e9sentation nationale a examin\u00e9 et adopt\u00e9 la loi portant prorogation de la dur\u00e9e de l\u2019\u00e9tat d\u2019urgence au cours d\u2019une pl\u00e9ni\u00e8re, le jeudi 24 juin 2021, \u00e0 Ouagadougou. L\u2019\u00e9tat d\u2019urgence, qui devrait prendre fin le 12 juillet prochain, b\u00e9n\u00e9ficie d\u2019une prorogation. A partir du 13 juillet, la mesure entre en vigueur dans six r\u00e9gions du [&hellip;]<\/p>\n","protected":false},"author":1816,"featured_media":0,"comment_status":"closed","ping_status":"closed","sticky":false,"template":"","format":"standard","meta":{"fifu_image_url":"https:\/\/www.sidwaya.info\/wp-content\/uploads\/2021\/06\/1-59-300x161.jpg","fifu_image_alt":"Zones \u00e0 fort d\u00e9fi s\u00e9curitaire : L\u2019\u00e9tat d\u2019urgence prorog\u00e9 de 18 mois","footnotes":""},"categories":[73,81],"tags":[],"class_list":["post-119450","post","type-post","status-publish","format-standard","hentry","category-actualite","category-burkina-faso"],"_links":{"self":[{"href":"https:\/\/linitiative.ca\/International\/wp-json\/wp\/v2\/posts\/119450","targetHints":{"allow":["GET"]}}],"collection":[{"href":"https:\/\/linitiative.ca\/International\/wp-json\/wp\/v2\/posts"}],"about":[{"href":"https:\/\/linitiative.ca\/International\/wp-json\/wp\/v2\/types\/post"}],"author":[{"embeddable":true,"href":"https:\/\/linitiative.ca\/International\/wp-json\/wp\/v2\/users\/1816"}],"replies":[{"embeddable":true,"href":"https:\/\/linitiative.ca\/International\/wp-json\/wp\/v2\/comments?post=119450"}],"version-history":[{"count":0,"href":"https:\/\/linitiative.ca\/International\/wp-json\/wp\/v2\/posts\/119450\/revisions"}],"wp:attachment":[{"href":"https:\/\/linitiative.ca\/International\/wp-json\/wp\/v2\/media?parent=119450"}],"wp:term":[{"taxonomy":"category","embeddable":true,"href":"https:\/\/linitiative.ca\/International\/wp-json\/wp\/v2\/categories?post=119450"},{"taxonomy":"post_tag","embeddable":true,"href":"https:\/\/linitiative.ca\/International\/wp-json\/wp\/v2\/tags?post=119450"}],"curies":[{"name":"wp","href":"https:\/\/api.w.org\/{rel}","templated":true}]}}