{"id":119454,"date":"2021-06-24T17:38:10","date_gmt":"2021-06-24T21:38:10","guid":{"rendered":"https:\/\/linitiative.ca\/International\/1re-session-ordinaire-du-conseil-economique-et-social-les-conseillers-planchent-sur-la-gestion-des-terres\/"},"modified":"2021-06-24T17:38:10","modified_gmt":"2021-06-24T21:38:10","slug":"1re-session-ordinaire-du-conseil-economique-et-social-les-conseillers-planchent-sur-la-gestion-des-terres","status":"publish","type":"post","link":"https:\/\/linitiative.ca\/International\/1re-session-ordinaire-du-conseil-economique-et-social-les-conseillers-planchent-sur-la-gestion-des-terres\/","title":{"rendered":"1re session ordinaire du Conseil \u00e9conomique et social : Les conseillers planchent sur la gestion des terres"},"content":{"rendered":"<div>\n<p style=\"text-align: left\"><strong>Le Conseil \u00e9conomique et social (CES) a ouvert officiellement, le mardi 22 juin 2021, \u00e0 Ouagadougou, sa premi\u00e8re session ordinaire de l\u2019ann\u00e9e sur le th\u00e8me : \u00ab La probl\u00e9matique de la gestion actuelle des terres au Burkina Faso : Quelles solutions pour un d\u00e9veloppement durable ? \u00bb<\/strong><\/p>\n<p>Au Burkina Faso, la gestion des terres g\u00e9n\u00e8re de plus en plus des conflits multiples. Selon, la premi\u00e8re vice-pr\u00e9sidente du Conseil \u00e9conomique et social (CES), Fatimata Legma, sur 3 300 conflits recens\u00e9s au niveau de la justice et de la promotion des droits humains, entre 2010 et 2018, 3 019 sont li\u00e9s \u00e0 la terre. Pour l\u2019ann\u00e9e 2020, \u00e0 l\u2019en croire, le Burkina a enregistr\u00e9 616 conflits ouverts autour du foncier. Au regard de la probl\u00e9matique, le CES tient, du 22 au 19 juillet 2021 \u00e0 Ouagadougou, une session en vue d\u2019apporter des solutions aux enjeux li\u00e9s au foncier. Mme Legma a indiqu\u00e9 que \u00ab l\u2019objectif g\u00e9n\u00e9ral de la session est de permettre aux conseillers de formuler des recommandations pertinentes pour une gestion efficace et efficiente des terres \u00e0 m\u00eame de booster le d\u00e9veloppement durable du Burkina Faso \u00bb.<\/p>\n<p>Pour cela, elle a signifi\u00e9 que la session, plac\u00e9e sur le th\u00e8me : \u00ab La probl\u00e9matique de la gestion actuelle des terres au Burkina Faso : Quelles solutions pour un d\u00e9veloppement durable ? \u00bb, sera l\u2019occasion de mener des r\u00e9flexions autour des points \u00e0 savoir, la terre comme bien collectif au service du d\u00e9veloppement durable, la r\u00e9duction voire l\u2019\u00e9limination progressive de la sp\u00e9culation fonci\u00e8re et la r\u00e9forme du cadre juridique et institutionnel sur le foncier. Les d\u00e9bats vont porter, a-t-elle poursuivi, sur l\u2019instauration d\u2019une gouvernance fonci\u00e8re et le renforcement des capacit\u00e9s de gestion fonci\u00e8re des collectivit\u00e9s territoriales. Mme Legma, a relev\u00e9 que la gestion du foncier figure parmi les pr\u00e9occupations de tous les acteurs de la vie nationale.<\/p>\n<p>En t\u00e9moignent, entre autres, la tenue des \u00e9tats g\u00e9n\u00e9raux sur le lotissement, la suspension des op\u00e9rations de lotissement dans certaines villes, la mise en place d\u2019une commission d\u2019enqu\u00eate parlementaire sur le foncier. Aussi, les importantes recommandations du CES \u00e0 l\u2019endroit du gouvernement, notamment l\u2019apurement du passif foncier en 2019 et la suspension du traitement des dossiers des promoteurs immobiliers. De son avis, toutes ces mesures ont pour finalit\u00e9 de situer les responsabilit\u00e9s des diff\u00e9rents intervenants dans la chaine de gestion fonci\u00e8re, mais, \u00ab que nenni ! \u00bb. Elle en veut pour preuve les multiples marches de protestation des populations, ainsi que les nombreuses interventions des citoyens et leaders d\u2019opinion dans les m\u00e9dias. \u00ab Le CES, \u00e0 travers cette session, voudrait cr\u00e9er un cadre d\u2019\u00e9changes et de r\u00e9flexion prospective sur la gouvernance fonci\u00e8re afin d\u2019apporter son expertise \u00e0 la r\u00e9solution du probl\u00e8me lancinant du foncier \u00bb, a assur\u00e9, Mme Legma.<\/p>\n<p style=\"text-align: right\"><strong>Aly SAWADOGO<\/strong><\/p>\n<p>L\u2019article <a rel=\"nofollow\" href=\"https:\/\/www.sidwaya.info\/blog\/2021\/06\/24\/1re-session-ordinaire-du-conseil-economique-et-social-les-conseillers-planchent-sur-la-gestion-des-terres\/\">1re session ordinaire du Conseil \u00e9conomique et social : Les conseillers planchent sur la gestion des terres<\/a> est apparu en premier sur <a rel=\"nofollow\" href=\"https:\/\/www.sidwaya.info\/\">Quotidien Sidwaya<\/a>.<\/p>\n<\/div>\n<p>Auteur: JK. Sidwaya<br \/>\n<a href=\"https:\/\/www.sidwaya.info\/blog\/2021\/06\/24\/1re-session-ordinaire-du-conseil-economique-et-social-les-conseillers-planchent-sur-la-gestion-des-terres\/\">Cliquez ici pour lire l&rsquo;article depuis sa source.<\/a><\/p>\n","protected":false},"excerpt":{"rendered":"<p>Le Conseil \u00e9conomique et social (CES) a ouvert officiellement, le mardi 22 juin 2021, \u00e0 Ouagadougou, sa premi\u00e8re session ordinaire de l\u2019ann\u00e9e sur le th\u00e8me : \u00ab La probl\u00e9matique de la gestion actuelle des terres au Burkina Faso : Quelles solutions pour un d\u00e9veloppement durable ? \u00bb Au Burkina Faso, la gestion des terres g\u00e9n\u00e8re [&hellip;]<\/p>\n","protected":false},"author":1816,"featured_media":0,"comment_status":"closed","ping_status":"closed","sticky":false,"template":"","format":"standard","meta":{"fifu_image_url":"","fifu_image_alt":"","footnotes":""},"categories":[73,81],"tags":[],"class_list":["post-119454","post","type-post","status-publish","format-standard","hentry","category-actualite","category-burkina-faso"],"_links":{"self":[{"href":"https:\/\/linitiative.ca\/International\/wp-json\/wp\/v2\/posts\/119454","targetHints":{"allow":["GET"]}}],"collection":[{"href":"https:\/\/linitiative.ca\/International\/wp-json\/wp\/v2\/posts"}],"about":[{"href":"https:\/\/linitiative.ca\/International\/wp-json\/wp\/v2\/types\/post"}],"author":[{"embeddable":true,"href":"https:\/\/linitiative.ca\/International\/wp-json\/wp\/v2\/users\/1816"}],"replies":[{"embeddable":true,"href":"https:\/\/linitiative.ca\/International\/wp-json\/wp\/v2\/comments?post=119454"}],"version-history":[{"count":0,"href":"https:\/\/linitiative.ca\/International\/wp-json\/wp\/v2\/posts\/119454\/revisions"}],"wp:attachment":[{"href":"https:\/\/linitiative.ca\/International\/wp-json\/wp\/v2\/media?parent=119454"}],"wp:term":[{"taxonomy":"category","embeddable":true,"href":"https:\/\/linitiative.ca\/International\/wp-json\/wp\/v2\/categories?post=119454"},{"taxonomy":"post_tag","embeddable":true,"href":"https:\/\/linitiative.ca\/International\/wp-json\/wp\/v2\/tags?post=119454"}],"curies":[{"name":"wp","href":"https:\/\/api.w.org\/{rel}","templated":true}]}}