{"id":119455,"date":"2021-06-24T13:18:03","date_gmt":"2021-06-24T17:18:03","guid":{"rendered":"https:\/\/linitiative.ca\/International\/affaire-pretty-yende-pretoria-proteste-aupres-de-paris\/"},"modified":"2021-06-24T13:18:03","modified_gmt":"2021-06-24T17:18:03","slug":"affaire-pretty-yende-pretoria-proteste-aupres-de-paris","status":"publish","type":"post","link":"https:\/\/linitiative.ca\/International\/affaire-pretty-yende-pretoria-proteste-aupres-de-paris\/","title":{"rendered":"Affaire Pretty Yende : Pretoria proteste aupr\u00e8s de Paris"},"content":{"rendered":"<div>\n<p><img loading=\"lazy\" decoding=\"async\" width=\"250\" height=\"200\" src=\"https:\/\/linitiative.ca\/International\/wp-content\/uploads\/sites\/23\/2021\/06\/16245550833418.jpg\" class=\"attachment-post-thumbnail size-post-thumbnail wp-post-image\" alt=\"\"><\/p>\n<p>L&rsquo;Afrique du Sud a protest\u00e9 aupr\u00e8s de la France contre le mauvais traitement inflig\u00e9 \u00e0 la star de l&rsquo;op\u00e9ra, Pretty Yende, par des agents de l&rsquo;a\u00e9roport international Charles de Gaulle de Paris.Le porte-parole du minist\u00e8re des Relations internationales et de la Coop\u00e9ration, Clayson Monyela, a d\u00e9clar\u00e9 que Pretty Yende, qui s&rsquo;\u00e9tait rendue \u00e0 Paris pour se produire au Th\u00e9\u00e2tre des Champs-Elys\u00e9es, a \u00e9t\u00e9 \u00ab agress\u00e9e verbalement par la police, et ses droits et sa dignit\u00e9 ont \u00e9t\u00e9 viol\u00e9s pendant l&rsquo;\u00e9preuve \u00bb qui s&rsquo;est d\u00e9roul\u00e9e lundi dernier.<\/p>\n<p>\u00ab L&rsquo;ambassade d&rsquo;Afrique du Sud \u00e0 Paris a \u00e9crit aux autorit\u00e9s fran\u00e7aises pour leur demander des explications et une enqu\u00eate approfondie sur cette affaire \u00bb, a renseign\u00e9 Monyela.<\/p>\n<p>Pour Pretoria, Yende a \u00e9t\u00e9 retenue par la police fran\u00e7aise \u00e0 l&rsquo;a\u00e9roport pendant pr\u00e8s de trois heures, sur la base d&rsquo;une all\u00e9gation selon laquelle son permis de s\u00e9jour italien n&rsquo;\u00e9tait pas valide.<\/p>\n<p>Cependant, le porte-parole du minist\u00e8re sud-africain des Relations internationales et de la Coop\u00e9ration, le statut de r\u00e9sidente de longue dur\u00e9e de l&rsquo;Union europ\u00e9enne de Yende, d\u00e9livr\u00e9 en f\u00e9vrier 2015 par la police italienne, a une validit\u00e9 illimit\u00e9e, et \u00e9tait pr\u00e9vu par l&rsquo;article 9 de la loi consolid\u00e9e sur l&rsquo;immigration et r\u00e9guli\u00e8rement d\u00e9livr\u00e9 conform\u00e9ment \u00e0 la directive europ\u00e9enne de 2003 mise en \u0153uvre par l&rsquo;Italie et la France.<\/p>\n<p>Sur cette base, M. Monyela a indiqu\u00e9 que son minist\u00e8re pr\u00e9voit \u00e9galement de convoquer l&rsquo;ambassadeur de France en Afrique du Sud sur cette question.<\/p>\n<p>Cet article <a rel=\"nofollow\" href=\"https:\/\/www.journalducameroun.com\/affaire-pretty-yende-pretoria-proteste-aupres-de-paris\/\">Affaire Pretty Yende : Pretoria proteste aupr\u00e8s de Paris<\/a> est apparu en premier sur <a rel=\"nofollow\" href=\"https:\/\/www.journalducameroun.com\/\">Journal du Cameroun<\/a>.<\/p>\n<\/div>\n<p>Auteur: APA News<br \/>\n<a href=\"https:\/\/www.journalducameroun.com\/affaire-pretty-yende-pretoria-proteste-aupres-de-paris\/\">Cliquez ici pour lire l&rsquo;article depuis sa source.<\/a><\/p>\n","protected":false},"excerpt":{"rendered":"<p>L&rsquo;Afrique du Sud a protest\u00e9 aupr\u00e8s de la France contre le mauvais traitement inflig\u00e9 \u00e0 la star de l&rsquo;op\u00e9ra, Pretty Yende, par des agents de l&rsquo;a\u00e9roport international Charles de Gaulle de Paris.Le porte-parole du minist\u00e8re des Relations internationales et de la Coop\u00e9ration, Clayson Monyela, a d\u00e9clar\u00e9 que Pretty Yende, qui s&rsquo;\u00e9tait rendue \u00e0 Paris pour [&hellip;]<\/p>\n","protected":false},"author":1965,"featured_media":0,"comment_status":"closed","ping_status":"closed","sticky":false,"template":"","format":"standard","meta":{"fifu_image_url":"https:\/\/www.journalducameroun.com\/wp-content\/uploads\/2021\/06\/16245550833418.jpg","fifu_image_alt":"Affaire Pretty Yende : Pretoria proteste aupr\u00e8s de Paris","footnotes":""},"categories":[73,82],"tags":[],"class_list":["post-119455","post","type-post","status-publish","format-standard","hentry","category-actualite","category-cameroun"],"_links":{"self":[{"href":"https:\/\/linitiative.ca\/International\/wp-json\/wp\/v2\/posts\/119455","targetHints":{"allow":["GET"]}}],"collection":[{"href":"https:\/\/linitiative.ca\/International\/wp-json\/wp\/v2\/posts"}],"about":[{"href":"https:\/\/linitiative.ca\/International\/wp-json\/wp\/v2\/types\/post"}],"author":[{"embeddable":true,"href":"https:\/\/linitiative.ca\/International\/wp-json\/wp\/v2\/users\/1965"}],"replies":[{"embeddable":true,"href":"https:\/\/linitiative.ca\/International\/wp-json\/wp\/v2\/comments?post=119455"}],"version-history":[{"count":0,"href":"https:\/\/linitiative.ca\/International\/wp-json\/wp\/v2\/posts\/119455\/revisions"}],"wp:attachment":[{"href":"https:\/\/linitiative.ca\/International\/wp-json\/wp\/v2\/media?parent=119455"}],"wp:term":[{"taxonomy":"category","embeddable":true,"href":"https:\/\/linitiative.ca\/International\/wp-json\/wp\/v2\/categories?post=119455"},{"taxonomy":"post_tag","embeddable":true,"href":"https:\/\/linitiative.ca\/International\/wp-json\/wp\/v2\/tags?post=119455"}],"curies":[{"name":"wp","href":"https:\/\/api.w.org\/{rel}","templated":true}]}}