{"id":119459,"date":"2021-06-24T14:18:02","date_gmt":"2021-06-24T18:18:02","guid":{"rendered":"https:\/\/linitiative.ca\/International\/le-senegal-lance-un-projet-economique-sur-les-dechets-solides\/"},"modified":"2021-06-24T14:18:02","modified_gmt":"2021-06-24T18:18:02","slug":"le-senegal-lance-un-projet-economique-sur-les-dechets-solides","status":"publish","type":"post","link":"https:\/\/linitiative.ca\/International\/le-senegal-lance-un-projet-economique-sur-les-dechets-solides\/","title":{"rendered":"Le S\u00e9n\u00e9gal lance un projet \u00e9conomique sur les d\u00e9chets solides"},"content":{"rendered":"<div>\n<p><img loading=\"lazy\" decoding=\"async\" width=\"719\" height=\"513\" src=\"https:\/\/linitiative.ca\/International\/wp-content\/uploads\/sites\/23\/2021\/06\/16245586827112.jpg\" class=\"attachment-post-thumbnail size-post-thumbnail wp-post-image\" alt=\"\" srcset=\"https:\/\/linitiative.ca\/International\/wp-content\/uploads\/sites\/23\/2021\/06\/16245586827112.jpg 719w, https:\/\/www.journalducameroun.com\/wp-content\/uploads\/2021\/06\/16245586827112-300x214.jpg 300w, https:\/\/www.journalducameroun.com\/wp-content\/uploads\/2021\/06\/16245586827112-617x440.jpg 617w, https:\/\/www.journalducameroun.com\/wp-content\/uploads\/2021\/06\/16245586827112-600x428.jpg 600w\" sizes=\"auto, (max-width: 719px) 100vw, 719px\"><\/p>\n<p>Le Projet de promotion de la gestion int\u00e9gr\u00e9e et de l&rsquo;\u00e9conomie des d\u00e9chets solides du S\u00e9n\u00e9gal (PROMOGED) a \u00e9t\u00e9 lanc\u00e9, ce jeudi 24 juin, par le pr\u00e9sident Macky Sall, \u00e0 Malika (banlieue dakaroise).Dot\u00e9 d&rsquo;un budget de plus de 206 milliards f cfa, le PROMOGED cible sp\u00e9cifiquement les P\u00f4les de Dakar et Thi\u00e8s (ouest), le P\u00f4le nord (Matam et Saint-Louis) et le P\u00f4le sud (Ziguinchor, S\u00e9dhiou et Kolda).<\/p>\n<p>Mais pour le chef de l&rsquo;Etat, ce \u00ab programme embl\u00e9matique du S\u00e9n\u00e9gal z\u00e9ro d\u00e9chet pour un cadre de vie d\u00e9cent, n&rsquo;est pas con\u00e7u pour les seules zones urbaines, mais pour l&rsquo;ensemble du territoire, conform\u00e9ment \u00e0 notre souci de justice sociale et d&rsquo;\u00e9quit\u00e9 territoriale : le S\u00e9n\u00e9gal de tous, le S\u00e9n\u00e9gal pour tous ! \u00bb<\/p>\n<p>\u00ab Le projet,\u00a0a dit Macky Sall, aboutira \u00e0 la cr\u00e9ation de sept centres d&rsquo;enfouissement techniques, de points de regroupement normalis\u00e9s, et de centres de tri et de transfert de d\u00e9chets solides. Le projet contribuera \u00e9galement \u00e0 la fermeture ou la r\u00e9habilitation de quelques d\u00e9charges au S\u00e9n\u00e9gal \u00bb.<\/p>\n<p>Il a indiqu\u00e9 que le PROMOGED permettra de renforcer la gouvernance de la gestion des d\u00e9chets solides au S\u00e9n\u00e9gal et d&rsquo;am\u00e9liorer ses services dans les villes b\u00e9n\u00e9ficiaires.<\/p>\n<p>De son c\u00f4t\u00e9, Mass Thiam, Coordonnateur de l&rsquo;Unit\u00e9 de coordination de la gestion des d\u00e9chets solides (UCG), a expliqu\u00e9 que parmi les composantes dudit projet, il y a le renforcement de la gouvernance sectorielle et de la capacit\u00e9 institutionnelle, et l&rsquo;am\u00e9lioration des infrastructures et services de gestion des d\u00e9chets solides.<\/p>\n<p>M. Thiam a ajout\u00e9 que le Projet de promotion de la gestion int\u00e9gr\u00e9e et de l&rsquo;\u00e9conomie des d\u00e9chets solides du S\u00e9n\u00e9gal (PROMOGED) est r\u00e9alis\u00e9 au b\u00e9n\u00e9fice de 138 communes, pour une population totale de 6.823.025 personnes soit 758.114 m\u00e9nages. Il va g\u00e9n\u00e9rer 3000 emplois au profit notamment des jeunes et des femmes.<\/p>\n<p>Parlant au nom des partenaires financiers, Nathan B\u00e9l\u00e8te, Directeur des op\u00e9rations de la Banque mondiale pour le S\u00e9n\u00e9gal, s&rsquo;est f\u00e9licit\u00e9 du fait que le PROMOGED va aussi am\u00e9liorer la mobilisation du secteur priv\u00e9 dans le secteur des d\u00e9chets solides pour une qualit\u00e9 des services et, surtout, pour y cr\u00e9er des emplois verts, d\u00e9cents et durables pour la jeunesse s\u00e9n\u00e9galaise.<\/p>\n<p>\u00ab Le PROMOGED permettra ainsi d&rsquo;augmenter notablement le volume des d\u00e9chets solides recycl\u00e9s \u00e0 travers des infrastructures r\u00e9pondant aux normes internationales et de r\u00e9duire, de fa\u00e7on significative le volume important de d\u00e9chets jet\u00e9s dans les rues ou d\u00e9vers\u00e9s dans la mer \u00bb, a poursuivi M. B\u00e9l\u00e8te.<\/p>\n<p>Cet article <a rel=\"nofollow\" href=\"https:\/\/www.journalducameroun.com\/le-senegal-lance-un-projet-economique-sur-les-dechets-solides\/\">Le S\u00e9n\u00e9gal lance un projet \u00e9conomique sur les d\u00e9chets solides<\/a> est apparu en premier sur <a rel=\"nofollow\" href=\"https:\/\/www.journalducameroun.com\/\">Journal du Cameroun<\/a>.<\/p>\n<\/div>\n<p>Auteur: APA News<br \/>\n<a href=\"https:\/\/www.journalducameroun.com\/le-senegal-lance-un-projet-economique-sur-les-dechets-solides\/\">Cliquez ici pour lire l&rsquo;article depuis sa source.<\/a><\/p>\n","protected":false},"excerpt":{"rendered":"<p>Le Projet de promotion de la gestion int\u00e9gr\u00e9e et de l&rsquo;\u00e9conomie des d\u00e9chets solides du S\u00e9n\u00e9gal (PROMOGED) a \u00e9t\u00e9 lanc\u00e9, ce jeudi 24 juin, par le pr\u00e9sident Macky Sall, \u00e0 Malika (banlieue dakaroise).Dot\u00e9 d&rsquo;un budget de plus de 206 milliards f cfa, le PROMOGED cible sp\u00e9cifiquement les P\u00f4les de Dakar et Thi\u00e8s (ouest), le P\u00f4le [&hellip;]<\/p>\n","protected":false},"author":1965,"featured_media":0,"comment_status":"closed","ping_status":"closed","sticky":false,"template":"","format":"standard","meta":{"fifu_image_url":"https:\/\/www.journalducameroun.com\/wp-content\/uploads\/2021\/06\/16245586827112.jpg","fifu_image_alt":"Le S\u00e9n\u00e9gal lance un projet \u00e9conomique sur les d\u00e9chets solides","footnotes":""},"categories":[73,82],"tags":[],"class_list":["post-119459","post","type-post","status-publish","format-standard","hentry","category-actualite","category-cameroun"],"_links":{"self":[{"href":"https:\/\/linitiative.ca\/International\/wp-json\/wp\/v2\/posts\/119459","targetHints":{"allow":["GET"]}}],"collection":[{"href":"https:\/\/linitiative.ca\/International\/wp-json\/wp\/v2\/posts"}],"about":[{"href":"https:\/\/linitiative.ca\/International\/wp-json\/wp\/v2\/types\/post"}],"author":[{"embeddable":true,"href":"https:\/\/linitiative.ca\/International\/wp-json\/wp\/v2\/users\/1965"}],"replies":[{"embeddable":true,"href":"https:\/\/linitiative.ca\/International\/wp-json\/wp\/v2\/comments?post=119459"}],"version-history":[{"count":0,"href":"https:\/\/linitiative.ca\/International\/wp-json\/wp\/v2\/posts\/119459\/revisions"}],"wp:attachment":[{"href":"https:\/\/linitiative.ca\/International\/wp-json\/wp\/v2\/media?parent=119459"}],"wp:term":[{"taxonomy":"category","embeddable":true,"href":"https:\/\/linitiative.ca\/International\/wp-json\/wp\/v2\/categories?post=119459"},{"taxonomy":"post_tag","embeddable":true,"href":"https:\/\/linitiative.ca\/International\/wp-json\/wp\/v2\/tags?post=119459"}],"curies":[{"name":"wp","href":"https:\/\/api.w.org\/{rel}","templated":true}]}}