{"id":119461,"date":"2021-06-24T14:51:28","date_gmt":"2021-06-24T18:51:28","guid":{"rendered":"https:\/\/linitiative.ca\/International\/congo-terminal-dit-non-aux-emballages-plastiques\/"},"modified":"2021-06-24T14:51:28","modified_gmt":"2021-06-24T18:51:28","slug":"congo-terminal-dit-non-aux-emballages-plastiques","status":"publish","type":"post","link":"https:\/\/linitiative.ca\/International\/congo-terminal-dit-non-aux-emballages-plastiques\/","title":{"rendered":"Congo terminal dit non aux emballages plastiques !"},"content":{"rendered":"<div>\n<p><img loading=\"lazy\" decoding=\"async\" width=\"3552\" height=\"1952\" src=\"https:\/\/linitiative.ca\/International\/wp-content\/uploads\/sites\/23\/2021\/06\/IMG_8701.jpg\" class=\"attachment-post-thumbnail size-post-thumbnail wp-post-image\" alt=\"\" srcset=\"https:\/\/linitiative.ca\/International\/wp-content\/uploads\/sites\/23\/2021\/06\/IMG_8701.jpg 3552w, https:\/\/www.journalducameroun.com\/wp-content\/uploads\/2021\/06\/IMG_8701-300x165.jpg 300w, https:\/\/www.journalducameroun.com\/wp-content\/uploads\/2021\/06\/IMG_8701-768x422.jpg 768w, https:\/\/www.journalducameroun.com\/wp-content\/uploads\/2021\/06\/IMG_8701-1024x563.jpg 1024w, https:\/\/www.journalducameroun.com\/wp-content\/uploads\/2021\/06\/IMG_8701-801x440.jpg 801w, https:\/\/www.journalducameroun.com\/wp-content\/uploads\/2021\/06\/IMG_8701-600x330.jpg 600w\" sizes=\"auto, (max-width: 3552px) 100vw, 3552px\"><\/p>\n<h5 style=\"text-align: justify;\">Congo Terminal, filiale de Bollor\u00e9 Ports a organis\u00e9 le 19 juin 2021 une journ\u00e9e \u00ab\u00a0<em>nettoyage des plages\u00a0<\/em>\u00bb. Quarante-six employ\u00e9s ont ainsi proc\u00e9d\u00e9 \u00e0 la r\u00e9colte et au tri de d\u00e9chets \u00e9chou\u00e9s sur les 3 hectares de plage bordant le terminal \u00e0 conteneurs.<\/h5>\n<p style=\"margin: 0cm; margin-bottom: .0001pt; text-align: justify; line-height: 12.65pt; background: white; font-variant-ligatures: normal; font-variant-caps: normal; orphans: 2; widows: 2; -webkit-text-stroke-width: 0px; text-decoration-thickness: initial; text-decoration-style: initial; text-decoration-color: initial; word-spacing: 0px;\"><span style=\"font-size: 8.5pt; font-family: 'Arial',sans-serif; color: #222222;\">\u00a0<\/span><\/p>\n<p style=\"text-align: justify;\">D\u00e9but\u00e9e par une sensibilisation sur le r\u00f4le que joue les oc\u00e9ans dans la pr\u00e9servation des \u00e9cosyst\u00e8mes et le danger que pr\u00e9sente les d\u00e9chets non biod\u00e9gradables pour la faune et la flore marines, les employ\u00e9s ont ensuite ratiss\u00e9 cette plage et s\u00e9par\u00e9 les d\u00e9chets plastiques des autres d\u00e9chets. Au total environ 2 tonnes de d\u00e9chets plastiques ont \u00e9t\u00e9 assembl\u00e9s et remis \u00e0 <strong>Cortell Engineering Environment<\/strong> (CEE), l\u2019entreprise en charge de la gestion des d\u00e9chets au <strong>Port Autonome de Pointe-Noire<\/strong>. Ces d\u00e9chets plastiques seront ensuite orient\u00e9s vers une entreprise de recyclage.<\/p>\n<p style=\"text-align: justify;\">Cette action mise en place par <strong>Congo Terminal<\/strong> en 2016 \u00e0 l\u2019occasion de la journ\u00e9e mondiale des oc\u00e9ans, mobilise le personnel dans la pr\u00e9servation des \u00e9cosyst\u00e8mes marins et fait partie de nombreuses autres initiales lanc\u00e9es par l\u2019entreprise pour contribuer \u00e0 une gestion plus durable et responsable des oc\u00e9ans.<\/p>\n<p style=\"text-align: justify;\">En effet, Congo Terminal est engag\u00e9 dans\u00a0le\u00a0programme de labellisation \u00ab <strong>Green Terminal<\/strong> \u00bb con\u00e7u par <strong>Bollor\u00e9 Ports<\/strong>.\u00a0\u00a0Ce label couvre l\u2019ensemble des pr\u00e9occupations environnementales et a \u00e9t\u00e9 valid\u00e9 par Bureau Veritas, l\u2019un des principaux leaders mondiaux des essais, de l\u2019inspection et de la certification.<\/p>\n<p>\u00a0<\/p>\n<p>\u00a0<\/p>\n<p>\u00a0<\/p>\n<p style=\"text-align: justify;\"><strong>\u00a0\u00c0 propos de Congo Terminal<\/strong><\/p>\n<p style=\"text-align: justify;\">Congo Terminal, concession de Bollor\u00e9 Ports, est l\u2019op\u00e9rateur du terminal \u00e0 conteneurs de Pointe Noire. Certifi\u00e9e ISO 9001\/2015 ; ISPS (s\u00fbret\u00e9) et Pedestrian Free Yard (HSE), l\u2019entreprise dispose d\u2019\u00e9quipements et de technologies de pointe et m\u00e8ne des actions solidaires en faveur de la jeunesse, de l\u2019\u00e9ducation et de la protection de l\u2019environnement. Engag\u00e9 dans le processus de labellisation \u00ab\u00a0Green Terminal\u00a0\u00bb, Congo Terminal d\u00e9ploie des solutions de mobilit\u00e9 respectueuses de l\u2019environnement \u00e0 travers sa flotte de v\u00e9hicules 100% \u00e9lectriques d\u00e9di\u00e9 au transport du personnel, la mise en place plusieurs fontaines d\u2019eau r\u00e9frig\u00e9r\u00e9e ainsi d\u2019autres actions li\u00e9es \u00e0 la pr\u00e9servation de la biodiversit\u00e9.<\/p>\n<p style=\"text-align: justify;\"><strong>\u00c0 propos de Bollor\u00e9 Ports<\/strong><\/p>\n<p style=\"text-align: justify;\">Bollor\u00e9 Ports\u00a0int\u00e8gre\u00a0les enjeux ESG dans sa strat\u00e9gie de d\u00e9veloppement. De l\u2019impact direct de ses activit\u00e9s \u00e0 l\u2019impact indirect li\u00e9 \u00e0 l\u2019ex\u00e9cution de ses prestations, l&rsquo;entreprise\u00a0innove pour\u00a0r\u00e9duire\u00a0son empreinte carbone et pr\u00e9server la biodiversit\u00e9. En t\u00e9moigne la mise en \u0153uvre du programme de labellisation \u00ab Green Terminal \u00bb de ses terminaux portuaires, audit\u00e9s par Bureau Veritas. Ce nouveau label dont il est le pionnier, apporte une solution concr\u00e8te au secteur de la transition \u00e9nerg\u00e9tique. Bollor\u00e9 Ports met ainsi en \u0153uvre un syst\u00e8me de management unique, ayant\u00a0pour objectif de r\u00e9duire consid\u00e9rablement son empreinte carbone.\u00a0Le label Green Terminal repose sur huit piliers fondamentaux qui couvrent l&rsquo;ensemble des pr\u00e9occupations environnementales actuelles et des actions \u00e0 mettre en place pour r\u00e9duire les \u00e9missions de gaz \u00e0 effet de serre dans ses terminaux portuaires.<\/p>\n<p>Cet article <a rel=\"nofollow\" href=\"https:\/\/www.journalducameroun.com\/congo-terminal-dit-non-aux-emballages-plastiques-cameroun\/\">Congo terminal dit non aux emballages plastiques !<\/a> est apparu en premier sur <a rel=\"nofollow\" href=\"https:\/\/www.journalducameroun.com\/\">Journal du Cameroun<\/a>.<\/p>\n<\/div>\n<p>Auteur: Christian DJIMADEU<br \/>\n<a href=\"https:\/\/www.journalducameroun.com\/congo-terminal-dit-non-aux-emballages-plastiques-cameroun\/\">Cliquez ici pour lire l&rsquo;article depuis sa source.<\/a><\/p>\n","protected":false},"excerpt":{"rendered":"<p>Congo Terminal, filiale de Bollor\u00e9 Ports a organis\u00e9 le 19 juin 2021 une journ\u00e9e \u00ab\u00a0nettoyage des plages\u00a0\u00bb. Quarante-six employ\u00e9s ont ainsi proc\u00e9d\u00e9 \u00e0 la r\u00e9colte et au tri de d\u00e9chets \u00e9chou\u00e9s sur les 3 hectares de plage bordant le terminal \u00e0 conteneurs. \u00a0 D\u00e9but\u00e9e par une sensibilisation sur le r\u00f4le que joue les oc\u00e9ans dans [&hellip;]<\/p>\n","protected":false},"author":1965,"featured_media":0,"comment_status":"closed","ping_status":"closed","sticky":false,"template":"","format":"standard","meta":{"fifu_image_url":"https:\/\/www.journalducameroun.com\/wp-content\/uploads\/2021\/06\/IMG_8701.jpg","fifu_image_alt":"Congo terminal dit non aux emballages plastiques !","footnotes":""},"categories":[73,82],"tags":[],"class_list":["post-119461","post","type-post","status-publish","format-standard","hentry","category-actualite","category-cameroun"],"_links":{"self":[{"href":"https:\/\/linitiative.ca\/International\/wp-json\/wp\/v2\/posts\/119461","targetHints":{"allow":["GET"]}}],"collection":[{"href":"https:\/\/linitiative.ca\/International\/wp-json\/wp\/v2\/posts"}],"about":[{"href":"https:\/\/linitiative.ca\/International\/wp-json\/wp\/v2\/types\/post"}],"author":[{"embeddable":true,"href":"https:\/\/linitiative.ca\/International\/wp-json\/wp\/v2\/users\/1965"}],"replies":[{"embeddable":true,"href":"https:\/\/linitiative.ca\/International\/wp-json\/wp\/v2\/comments?post=119461"}],"version-history":[{"count":0,"href":"https:\/\/linitiative.ca\/International\/wp-json\/wp\/v2\/posts\/119461\/revisions"}],"wp:attachment":[{"href":"https:\/\/linitiative.ca\/International\/wp-json\/wp\/v2\/media?parent=119461"}],"wp:term":[{"taxonomy":"category","embeddable":true,"href":"https:\/\/linitiative.ca\/International\/wp-json\/wp\/v2\/categories?post=119461"},{"taxonomy":"post_tag","embeddable":true,"href":"https:\/\/linitiative.ca\/International\/wp-json\/wp\/v2\/tags?post=119461"}],"curies":[{"name":"wp","href":"https:\/\/api.w.org\/{rel}","templated":true}]}}